{"id":3686,"date":"2019-04-25T17:12:53","date_gmt":"2019-04-25T17:12:53","guid":{"rendered":"http:\/\/www.radiopresidenteibanez.cl\/web\/?p=3686"},"modified":"2019-04-25T17:13:31","modified_gmt":"2019-04-25T17:13:31","slug":"conductor-volco-su-camion-en-el-sector-de-rio-rubens","status":"publish","type":"post","link":"https:\/\/www.radiopresidenteibanez.cl\/web\/conductor-volco-su-camion-en-el-sector-de-rio-rubens\/","title":{"rendered":"CONDUCTOR VOLC\u00d3 SU CAMI\u00d3N EN EL SECTOR DE R\u00cdO RUBENS"},"content":{"rendered":"\n<p>Durante la jornada de este jueves, un conductor volc\u00f3 en el sector de R\u00edo Rubens, en la oportunidad se manifiesta que el accidente habr\u00eda ocurrido por fallas mec\u00e1nicas, mientras que el conductor solo sufri\u00f3 lesiones leves.<\/p>\n\n\n\n<figure class=\"wp-block-image\"><img loading=\"lazy\" decoding=\"async\" width=\"700\" height=\"499\" src=\"https:\/\/www.radiopresidenteibanez.cl\/web\/wp-content\/uploads\/2019\/04\/FB_IMG_1556206723733.jpg\" alt=\"\" class=\"wp-image-3687\" srcset=\"https:\/\/www.radiopresidenteibanez.cl\/web\/wp-content\/uploads\/2019\/04\/FB_IMG_1556206723733.jpg 700w, https:\/\/www.radiopresidenteibanez.cl\/web\/wp-content\/uploads\/2019\/04\/FB_IMG_1556206723733-300x214.jpg 300w\" sizes=\"auto, (max-width: 700px) 100vw, 700px\" \/><\/figure>\n","protected":false},"excerpt":{"rendered":"<p>Durante la jornada de este jueves, un conductor volc\u00f3 en el sector de R\u00edo Rubens, en la oportunidad se manifiesta que el accidente habr\u00eda ocurrido por fallas mec\u00e1nicas, mientras que&#8230; <a class=\"read-more\" href=\"https:\/\/www.radiopresidenteibanez.cl\/web\/conductor-volco-su-camion-en-el-sector-de-rio-rubens\/\">Leer m\u00e1s<\/a><\/p>\n","protected":false},"author":2,"featured_media":3687,"comment_status":"closed","ping_status":"closed","sticky":false,"template":"","format":"standard","meta":{"footnotes":""},"categories":[1],"tags":[],"class_list":["post-3686","post","type-post","status-publish","format-standard","has-post-thumbnail","hentry","category-cronica"],"_links":{"self":[{"href":"https:\/\/www.radiopresidenteibanez.cl\/web\/wp-json\/wp\/v2\/posts\/3686","targetHints":{"allow":["GET"]}}],"collection":[{"href":"https:\/\/www.radiopresidenteibanez.cl\/web\/wp-json\/wp\/v2\/posts"}],"about":[{"href":"https:\/\/www.radiopresidenteibanez.cl\/web\/wp-json\/wp\/v2\/types\/post"}],"author":[{"embeddable":true,"href":"https:\/\/www.radiopresidenteibanez.cl\/web\/wp-json\/wp\/v2\/users\/2"}],"replies":[{"embeddable":true,"href":"https:\/\/www.radiopresidenteibanez.cl\/web\/wp-json\/wp\/v2\/comments?post=3686"}],"version-history":[{"count":0,"href":"https:\/\/www.radiopresidenteibanez.cl\/web\/wp-json\/wp\/v2\/posts\/3686\/revisions"}],"wp:featuredmedia":[{"embeddable":true,"href":"https:\/\/www.radiopresidenteibanez.cl\/web\/wp-json\/wp\/v2\/media\/3687"}],"wp:attachment":[{"href":"https:\/\/www.radiopresidenteibanez.cl\/web\/wp-json\/wp\/v2\/media?parent=3686"}],"wp:term":[{"taxonomy":"category","embeddable":true,"href":"https:\/\/www.radiopresidenteibanez.cl\/web\/wp-json\/wp\/v2\/categories?post=3686"},{"taxonomy":"post_tag","embeddable":true,"href":"https:\/\/www.radiopresidenteibanez.cl\/web\/wp-json\/wp\/v2\/tags?post=3686"}],"curies":[{"name":"wp","href":"https:\/\/api.w.org\/{rel}","templated":true}]}}