{"id":36829,"date":"2023-01-24T12:51:00","date_gmt":"2023-01-24T15:51:00","guid":{"rendered":"https:\/\/www.radiopresidenteibanez.cl\/web\/?p=36829"},"modified":"2023-01-24T10:41:06","modified_gmt":"2023-01-24T13:41:06","slug":"con-miras-al-desarrollo-de-porvenir-concluyo-reunion-entre-gobernador-flies-y-alcalde-parada","status":"publish","type":"post","link":"https:\/\/www.radiopresidenteibanez.cl\/web\/con-miras-al-desarrollo-de-porvenir-concluyo-reunion-entre-gobernador-flies-y-alcalde-parada\/","title":{"rendered":"<strong>Con miras al desarrollo de Porvenir concluy\u00f3 reuni\u00f3n entre Gobernador Flies y alcalde Parada<\/strong>"},"content":{"rendered":"\n<p>Cerca de una hora dur\u00f3 la reuni\u00f3n que sostuvo el Gobernador Regional Jorge Flies con el alcalde de Porvenir Jos\u00e9 Gabriel Parada que tuvo como objetivo dialogar sobre la continuaci\u00f3n y los nuevos proyectos para la comuna en diferentes \u00e1reas en este 2023.<\/p>\n\n\n\n<p>\u201cTenemos proyectos de especial inter\u00e9s como las soluciones de agua potable y alcantarillado en Bah\u00eda Chilota. Otro tema es partir con el siguiente proyecto habitacional para seguir avanzando en el d\u00e9ficit habitacional de Porvenir y, por \u00faltimo, como recuperar los espacios culturales para tener lugares de encuentro\u201d coment\u00f3 el Gobernador Jorge Flies.<\/p>\n\n\n\n<p>En la misma l\u00ednea, Jos\u00e9 Gabriel Parada, alcalde de Porvenir, declar\u00f3 que \u201cqueremos cumplir con el anhelo de Bah\u00eda Chilota y en t\u00e9rminos de vivienda esperamos ingresar los proyectos en marzo pr\u00f3ximo. Adem\u00e1s, con el Gobernador coincidimos en que hay que desarrollar la costanera de la comuna para recuperar la entrada y rostro de Porvenir\u201d.<\/p>\n\n\n\n<p>Para finalizar, ambas autoridades, esperan que para el siguiente aniversario de la comuna est\u00e9n listos nuevas iniciativas que puedan ser respaldadas por el Gobierno Regional.<\/p>\n","protected":false},"excerpt":{"rendered":"<p>Cerca de una hora dur\u00f3 la reuni\u00f3n que sostuvo el Gobernador Regional Jorge Flies con el alcalde de Porvenir Jos\u00e9 Gabriel Parada que tuvo como objetivo dialogar sobre la continuaci\u00f3n&#8230; <a class=\"read-more\" href=\"https:\/\/www.radiopresidenteibanez.cl\/web\/con-miras-al-desarrollo-de-porvenir-concluyo-reunion-entre-gobernador-flies-y-alcalde-parada\/\">Leer m\u00e1s<\/a><\/p>\n","protected":false},"author":2,"featured_media":36830,"comment_status":"closed","ping_status":"closed","sticky":false,"template":"","format":"standard","meta":{"footnotes":""},"categories":[1],"tags":[],"class_list":["post-36829","post","type-post","status-publish","format-standard","has-post-thumbnail","hentry","category-cronica"],"_links":{"self":[{"href":"https:\/\/www.radiopresidenteibanez.cl\/web\/wp-json\/wp\/v2\/posts\/36829","targetHints":{"allow":["GET"]}}],"collection":[{"href":"https:\/\/www.radiopresidenteibanez.cl\/web\/wp-json\/wp\/v2\/posts"}],"about":[{"href":"https:\/\/www.radiopresidenteibanez.cl\/web\/wp-json\/wp\/v2\/types\/post"}],"author":[{"embeddable":true,"href":"https:\/\/www.radiopresidenteibanez.cl\/web\/wp-json\/wp\/v2\/users\/2"}],"replies":[{"embeddable":true,"href":"https:\/\/www.radiopresidenteibanez.cl\/web\/wp-json\/wp\/v2\/comments?post=36829"}],"version-history":[{"count":0,"href":"https:\/\/www.radiopresidenteibanez.cl\/web\/wp-json\/wp\/v2\/posts\/36829\/revisions"}],"wp:featuredmedia":[{"embeddable":true,"href":"https:\/\/www.radiopresidenteibanez.cl\/web\/wp-json\/wp\/v2\/media\/36830"}],"wp:attachment":[{"href":"https:\/\/www.radiopresidenteibanez.cl\/web\/wp-json\/wp\/v2\/media?parent=36829"}],"wp:term":[{"taxonomy":"category","embeddable":true,"href":"https:\/\/www.radiopresidenteibanez.cl\/web\/wp-json\/wp\/v2\/categories?post=36829"},{"taxonomy":"post_tag","embeddable":true,"href":"https:\/\/www.radiopresidenteibanez.cl\/web\/wp-json\/wp\/v2\/tags?post=36829"}],"curies":[{"name":"wp","href":"https:\/\/api.w.org\/{rel}","templated":true}]}}