{"id":36814,"date":"2023-01-23T14:23:00","date_gmt":"2023-01-23T17:23:00","guid":{"rendered":"https:\/\/www.radiopresidenteibanez.cl\/web\/?p=36814"},"modified":"2023-01-23T11:26:08","modified_gmt":"2023-01-23T14:26:08","slug":"con-enfoque-ambientalista-se-realizo-en-natales-feria-de-artesania-y-economia-circular","status":"publish","type":"post","link":"https:\/\/www.radiopresidenteibanez.cl\/web\/con-enfoque-ambientalista-se-realizo-en-natales-feria-de-artesania-y-economia-circular\/","title":{"rendered":"CON ENFOQUE AMBIENTALISTA SE REALIZ\u00d3 EN NATALES FERIA DE ARTESANIA Y ECONOMIA CIRCULAR"},"content":{"rendered":"\n<p>Los d\u00edas s\u00e1bado 21 y domingo 22 de enero se llev\u00f3 a cabo en el Polideportivo Municipal de la comuna de Natales una Feria de Artesan\u00eda y Econom\u00eda Circular, que cont\u00f3 con 34 expositores. Actividad financiada por el Gobierno Regional y ejecutada a trav\u00e9s de la Municipalidad de Natales.<\/p>\n\n\n\n<p>La primera autoridad comunal, Antonieta Oyarzo Alvarado visit\u00f3 el evento y comparti\u00f3 con los y las distintas expositoras y aprovechamos la oportunidad para conocer su parecer con respecto a la iniciativa resaltando que, \u201cest\u00e1 es una nueva feria, que responde a los mandatos de la gesti\u00f3n municipal que consiste en poder fortalecer sobre todo el emprendimiento, primero con un enfoque de g\u00e9nero y tambi\u00e9n de sostenibilidad y sustentabilidad. Hoy tenemos emprendedores y emprendedoras que exhiben sus productos y estos tienen relaci\u00f3n con la econom\u00eda circular, este es un ejemplo del c\u00f3mo podemos reciclar y a la vez entregar al mercado productos sustentables, que no da\u00f1an el medio ambiente\u201d.<\/p>\n\n\n\n<p>La alcaldesa de Natales tambi\u00e9n agreg\u00f3 que en esta ocasi\u00f3n la feria contaba con talleres, ya que era fundamental&nbsp; \u201cimplementar&nbsp; y ofrecer espacios donde se puede acceder a capacitaci\u00f3n en diferentes \u00e1reas, es muy importante poder sociabilizar el conocimiento, permitiendo que las mismas emprendedoras y artesanas traspasen lo que han aprendido o heredado de sus abuelas o familias\u201d.<\/p>\n\n\n\n<p>Tambi\u00e9n la directora de la Direcci\u00f3n de Desarrollo Local de la Municipalidad de Natales, Maritza Vera Pe\u00f1a quien explic\u00f3 que, \u201cen est\u00e1 ocasi\u00f3n contamos con artesanos y artesanas de Punta Arenas, Puerto Ed\u00e9n y Puerto Natales, adem\u00e1s se van a impartir tres talleres de Cester\u00eda Kaw\u00e9skar, Orfebrer\u00eda y Telar. Lo particular de esta feria es que se ha puesto el enfoque en la reutilizaci\u00f3n de elementos, dando vida as\u00ed a productos originales y menos contaminantes\u201d.<\/p>\n","protected":false},"excerpt":{"rendered":"<p>Los d\u00edas s\u00e1bado 21 y domingo 22 de enero se llev\u00f3 a cabo en el Polideportivo Municipal de la comuna de Natales una Feria de Artesan\u00eda y Econom\u00eda Circular, que&#8230; <a class=\"read-more\" href=\"https:\/\/www.radiopresidenteibanez.cl\/web\/con-enfoque-ambientalista-se-realizo-en-natales-feria-de-artesania-y-economia-circular\/\">Leer m\u00e1s<\/a><\/p>\n","protected":false},"author":2,"featured_media":36815,"comment_status":"closed","ping_status":"closed","sticky":false,"template":"","format":"standard","meta":{"footnotes":""},"categories":[1],"tags":[],"class_list":["post-36814","post","type-post","status-publish","format-standard","has-post-thumbnail","hentry","category-cronica"],"_links":{"self":[{"href":"https:\/\/www.radiopresidenteibanez.cl\/web\/wp-json\/wp\/v2\/posts\/36814","targetHints":{"allow":["GET"]}}],"collection":[{"href":"https:\/\/www.radiopresidenteibanez.cl\/web\/wp-json\/wp\/v2\/posts"}],"about":[{"href":"https:\/\/www.radiopresidenteibanez.cl\/web\/wp-json\/wp\/v2\/types\/post"}],"author":[{"embeddable":true,"href":"https:\/\/www.radiopresidenteibanez.cl\/web\/wp-json\/wp\/v2\/users\/2"}],"replies":[{"embeddable":true,"href":"https:\/\/www.radiopresidenteibanez.cl\/web\/wp-json\/wp\/v2\/comments?post=36814"}],"version-history":[{"count":0,"href":"https:\/\/www.radiopresidenteibanez.cl\/web\/wp-json\/wp\/v2\/posts\/36814\/revisions"}],"wp:featuredmedia":[{"embeddable":true,"href":"https:\/\/www.radiopresidenteibanez.cl\/web\/wp-json\/wp\/v2\/media\/36815"}],"wp:attachment":[{"href":"https:\/\/www.radiopresidenteibanez.cl\/web\/wp-json\/wp\/v2\/media?parent=36814"}],"wp:term":[{"taxonomy":"category","embeddable":true,"href":"https:\/\/www.radiopresidenteibanez.cl\/web\/wp-json\/wp\/v2\/categories?post=36814"},{"taxonomy":"post_tag","embeddable":true,"href":"https:\/\/www.radiopresidenteibanez.cl\/web\/wp-json\/wp\/v2\/tags?post=36814"}],"curies":[{"name":"wp","href":"https:\/\/api.w.org\/{rel}","templated":true}]}}