{"id":36811,"date":"2023-01-23T19:57:00","date_gmt":"2023-01-23T22:57:00","guid":{"rendered":"https:\/\/www.radiopresidenteibanez.cl\/web\/?p=36811"},"modified":"2023-01-23T11:18:58","modified_gmt":"2023-01-23T14:18:58","slug":"cadi-umag-abrira-sus-puertas-para-magister-en-psicobiologia-del-desarrollo-humano-este-2023","status":"publish","type":"post","link":"https:\/\/www.radiopresidenteibanez.cl\/web\/cadi-umag-abrira-sus-puertas-para-magister-en-psicobiologia-del-desarrollo-humano-este-2023\/","title":{"rendered":"CADI-UMAG abrir\u00e1 sus puertas para Mag\u00edster en Psicobiolog\u00eda del Desarrollo Humano este 2023"},"content":{"rendered":"\n<p>A trav\u00e9s de un programa Inter-Facultad entre la Escuela de Medicina y el Departamento de Psicolog\u00eda, la Universidad de Magallanes (UMAG) impartir\u00e1 el inicio de la segunda cohorte para el mag\u00edster \u201cPsicobiolog\u00eda del Desarrollo Humano\u201d (MPBDH), el cual se desarrollar\u00e1 en las dependencias del CADI-UMAG.<\/p>\n\n\n\n<p>Un total de 4 semestres durar\u00e1 el posgrado que se impartir\u00e1 a partir del mes de abril durante los d\u00edas lunes, mi\u00e9rcoles y viernes entre las 17:30 y las 20:30 horas, y los d\u00edas s\u00e1bados entre las 09:30 y las 12:30, centrando sus objetivos en dar a comprender los aspectos te\u00f3ricos y metodol\u00f3gicos fundamentales de la psicobiolog\u00eda del desarrollo humano, considerando las particularidades locales.<\/p>\n\n\n\n<p>\u201cEl \u00e1rea psicol\u00f3gica y biol\u00f3gica conviven d\u00eda a d\u00eda para que el ser humano d\u00e9 respuesta a los est\u00edmulos que provienen del medioambiente, es por eso que es fundamental concebirlo de una forma integral. Particularmente en Magallanes, debido a su condici\u00f3n de ambiente extremo, es esencial conocer esta din\u00e1mica y perfilarla desde esta visi\u00f3n multidisciplinaria de profesionales que se formen a trav\u00e9s de este mag\u00edster\u201d, coment\u00f3 Cristian N\u00fa\u00f1ez, investigador del CADI-UMAG y coordinador del MPBDH.<\/p>\n\n\n\n<p>El claustro acad\u00e9mico para este programa lo componen Claudia Estrada, doctora en Ciencias Psicol\u00f3gicas, Jaime Silva, doctor en Psicobiolog\u00eda, y los investigadores del CADI-UMAG, Marcelo Navarrete, doctor en Medicina, y Cristian N\u00fa\u00f1ez, doctor en Fisiolog\u00eda.<\/p>\n\n\n\n<p>En caso de requerir m\u00e1s informaci\u00f3n en relaci\u00f3n al mag\u00edster, se encuentra disponible el correo electr\u00f3nico&nbsp;<a href=\"mailto:magister.psicobiologia@umag.cl\" target=\"_blank\" rel=\"noreferrer noopener\">magister.psicobiologia@umag.cl<\/a>.<\/p>\n","protected":false},"excerpt":{"rendered":"<p>A trav\u00e9s de un programa Inter-Facultad entre la Escuela de Medicina y el Departamento de Psicolog\u00eda, la Universidad de Magallanes (UMAG) impartir\u00e1 el inicio de la segunda cohorte para el&#8230; <a class=\"read-more\" href=\"https:\/\/www.radiopresidenteibanez.cl\/web\/cadi-umag-abrira-sus-puertas-para-magister-en-psicobiologia-del-desarrollo-humano-este-2023\/\">Leer m\u00e1s<\/a><\/p>\n","protected":false},"author":2,"featured_media":36812,"comment_status":"closed","ping_status":"closed","sticky":false,"template":"","format":"standard","meta":{"footnotes":""},"categories":[1],"tags":[],"class_list":["post-36811","post","type-post","status-publish","format-standard","has-post-thumbnail","hentry","category-cronica"],"_links":{"self":[{"href":"https:\/\/www.radiopresidenteibanez.cl\/web\/wp-json\/wp\/v2\/posts\/36811","targetHints":{"allow":["GET"]}}],"collection":[{"href":"https:\/\/www.radiopresidenteibanez.cl\/web\/wp-json\/wp\/v2\/posts"}],"about":[{"href":"https:\/\/www.radiopresidenteibanez.cl\/web\/wp-json\/wp\/v2\/types\/post"}],"author":[{"embeddable":true,"href":"https:\/\/www.radiopresidenteibanez.cl\/web\/wp-json\/wp\/v2\/users\/2"}],"replies":[{"embeddable":true,"href":"https:\/\/www.radiopresidenteibanez.cl\/web\/wp-json\/wp\/v2\/comments?post=36811"}],"version-history":[{"count":0,"href":"https:\/\/www.radiopresidenteibanez.cl\/web\/wp-json\/wp\/v2\/posts\/36811\/revisions"}],"wp:featuredmedia":[{"embeddable":true,"href":"https:\/\/www.radiopresidenteibanez.cl\/web\/wp-json\/wp\/v2\/media\/36812"}],"wp:attachment":[{"href":"https:\/\/www.radiopresidenteibanez.cl\/web\/wp-json\/wp\/v2\/media?parent=36811"}],"wp:term":[{"taxonomy":"category","embeddable":true,"href":"https:\/\/www.radiopresidenteibanez.cl\/web\/wp-json\/wp\/v2\/categories?post=36811"},{"taxonomy":"post_tag","embeddable":true,"href":"https:\/\/www.radiopresidenteibanez.cl\/web\/wp-json\/wp\/v2\/tags?post=36811"}],"curies":[{"name":"wp","href":"https:\/\/api.w.org\/{rel}","templated":true}]}}