{"id":3680,"date":"2019-04-25T16:56:27","date_gmt":"2019-04-25T16:56:27","guid":{"rendered":"http:\/\/www.radiopresidenteibanez.cl\/web\/?p=3680"},"modified":"2019-04-25T16:57:11","modified_gmt":"2019-04-25T16:57:11","slug":"programa-tres-estrellas-de-isl-distingue-a-central-de-carnes-por-su-gestion-en-seguridad-laboral","status":"publish","type":"post","link":"https:\/\/www.radiopresidenteibanez.cl\/web\/programa-tres-estrellas-de-isl-distingue-a-central-de-carnes-por-su-gestion-en-seguridad-laboral\/","title":{"rendered":"PROGRAMA \u201cTRES ESTRELLAS\u201d DE ISL DISTINGUE A CENTRAL DE CARNES POR SU GESTI\u00d3N EN SEGURIDAD LABORAL"},"content":{"rendered":"\n<p>Con la presencia de la autoridad laboral de la regi\u00f3n, el\nInstituto de Seguridad Laboral (ISL) Magallanes, a trav\u00e9s de su departamento de\nprevenci\u00f3n, hizo entrega de la primera de las llamadas \u201cTres Estrellas\u201d al Comit\u00e9\nParitario de la empresa Central de Carnes, organizaci\u00f3n que fue destacada por\nla instituci\u00f3n a trav\u00e9s de este programa, que busca acreditar y reconocer la\nlabor en prevenci\u00f3n de accidentes y enfermedades profesionales que logran los\nempleadores.<\/p>\n\n\n\n<p>En este sentido, la iniciativa \u201cTres Estrellas\u201d realiza un\ntrabajo en conjunto escalonado con las empresas, otorgando as\u00ed una acreditaci\u00f3n\npor el cumplimiento de cada una de las etapas y actividades planteadas por el\nproceso, seg\u00fan explic\u00f3 la Seremi del Trabajo, Victoria Cort\u00e9s Schiattino, quien\nhizo entrega de la primera \u201cEstrella\u201d recibida por la empresa regional.<\/p>\n\n\n\n<p>En sus palabras, \u201cestamos muy contentos, porque en esta\nvisita que realizamos a la Central de Carnes para entregar esta distinci\u00f3n,\njunto al director del ISL, Marcelo Trivi\u00f1o, hemos podido conocer a los\nresponsables de la adjudicaci\u00f3n de esta primera estrella \u2013el Comit\u00e9 Paritario-\nquienes han realizado un gran trabajo. Se nota, adem\u00e1s, lo motivados que est\u00e1n\nen su labor y el gerente de la empresa, don Francisco, tambi\u00e9n nos coment\u00f3 lo\nduro que han trabajado para ir escalando y poder lograr las anheladas Tres\nEstrellas, as\u00ed que los felicitamos, porque son ellos los que hacen la\ndiferencia para que un trabajador se sienta seguro en su puesto de trabajo\u201d.<\/p>\n\n\n\n<p>La entrega de este reconocimiento parte de un nivel b\u00e1sico\nde cumplimiento, con el cual se logra la primera estrella; pasando a integrar\nactividades vigilantes de la Seguridad y Salud en el trabajo, obteniendo la\nsegunda estrella; y llegando a un nivel \u00f3ptimo de trabajo integrado y mejora\ncontinua patente del comit\u00e9 y la empresa, logrando as\u00ed la tercera distinci\u00f3n.<\/p>\n\n\n\n<p>Seg\u00fan explic\u00f3 el director regional de ISL Magallanes,\nMarcelo Trivi\u00f1o, \u201ceste es un proyecto de acreditaci\u00f3n que propone el ISL para\nsus adheridos y que considera la implementaci\u00f3n de un plan de trabajo y acci\u00f3n\npreventiva que levantamos en conjunto con la empresa, es decir, siempre\napoyados por el prevencionista que est\u00e1 asignado a la organizaci\u00f3n y que\nconsidera varias actividades secuenciales que debe ir ejecutando el Comit\u00e9 Paritario,\ncon el objetivo de ir avanzando para lograr cada hito. Al final de cada etapa\ncumplida, se entrega un diploma emitido por el ISL, a medida de su avance\u201d.<\/p>\n\n\n\n<p>As\u00ed, de acuerdo a las palabras del gerente de Central de\nCarnes, Francisco Cresp, el Comit\u00e9 Paritario ha ido avanzando en su proceso y\nla empresa ha promovido varias acciones de seguridad y salud laboral, entre\nellas, la r\u00e1pida conformaci\u00f3n del Comit\u00e9 Paritario, la realizaci\u00f3n de\ncapacitaciones y la introducci\u00f3n de iniciativas constantes en prevenci\u00f3n de\nriesgos, como pausas activas, entre otras.<\/p>\n\n\n\n<p>\u201cPara\nnosotros estar en este programa es clave para la salud de nuestro personal,\npara que nuestro personal trabaje feliz. Esta es una empresa regional, hecha\npor magall\u00e1nicos, y nos interesa que nuestra gente no se accidente y, adem\u00e1s,\ntrabaje contento, es parte de la base de nuestra funci\u00f3n y adem\u00e1s es parte de\nla felicidad de la familia del trabajador. La idea es que la gente tenga una\nvida normal, que pueda pasar un fin de semana con su familia, con sus hijos y\neso creo que la gente lo agradece y a la larga tambi\u00e9n evita accidentes\u201d,\nexplic\u00f3.<\/p>\n\n\n\n<p>El representante de la empresa se\u00f1al\u00f3 que esta es la primera etapa a la que est\u00e1n optando dentro del programa de acreditaci\u00f3n, no obstante, se\u00f1ala que, como empresa, espera continuar avanzando con los organismos de seguridad para ir cumpliendo todas las etapas y lograr finalizar con \u00e9xito los tres reconocimientos.<\/p>\n\n\n\n<figure class=\"wp-block-image\"><img loading=\"lazy\" decoding=\"async\" width=\"1024\" height=\"768\" src=\"https:\/\/www.radiopresidenteibanez.cl\/web\/wp-content\/uploads\/2019\/04\/IMG_004-1-1024x768.jpg\" alt=\"\" class=\"wp-image-3681\" srcset=\"https:\/\/www.radiopresidenteibanez.cl\/web\/wp-content\/uploads\/2019\/04\/IMG_004-1.jpg 1024w, https:\/\/www.radiopresidenteibanez.cl\/web\/wp-content\/uploads\/2019\/04\/IMG_004-1-300x225.jpg 300w, https:\/\/www.radiopresidenteibanez.cl\/web\/wp-content\/uploads\/2019\/04\/IMG_004-1-768x576.jpg 768w\" sizes=\"auto, (max-width: 1024px) 100vw, 1024px\" \/><\/figure>\n","protected":false},"excerpt":{"rendered":"<p>Con la presencia de la autoridad laboral de la regi\u00f3n, el Instituto de Seguridad Laboral (ISL) Magallanes, a trav\u00e9s de su departamento de prevenci\u00f3n, hizo entrega de la primera de&#8230; <a class=\"read-more\" href=\"https:\/\/www.radiopresidenteibanez.cl\/web\/programa-tres-estrellas-de-isl-distingue-a-central-de-carnes-por-su-gestion-en-seguridad-laboral\/\">Leer m\u00e1s<\/a><\/p>\n","protected":false},"author":2,"featured_media":3681,"comment_status":"closed","ping_status":"closed","sticky":false,"template":"","format":"standard","meta":{"footnotes":""},"categories":[1],"tags":[],"class_list":["post-3680","post","type-post","status-publish","format-standard","has-post-thumbnail","hentry","category-cronica"],"_links":{"self":[{"href":"https:\/\/www.radiopresidenteibanez.cl\/web\/wp-json\/wp\/v2\/posts\/3680","targetHints":{"allow":["GET"]}}],"collection":[{"href":"https:\/\/www.radiopresidenteibanez.cl\/web\/wp-json\/wp\/v2\/posts"}],"about":[{"href":"https:\/\/www.radiopresidenteibanez.cl\/web\/wp-json\/wp\/v2\/types\/post"}],"author":[{"embeddable":true,"href":"https:\/\/www.radiopresidenteibanez.cl\/web\/wp-json\/wp\/v2\/users\/2"}],"replies":[{"embeddable":true,"href":"https:\/\/www.radiopresidenteibanez.cl\/web\/wp-json\/wp\/v2\/comments?post=3680"}],"version-history":[{"count":0,"href":"https:\/\/www.radiopresidenteibanez.cl\/web\/wp-json\/wp\/v2\/posts\/3680\/revisions"}],"wp:featuredmedia":[{"embeddable":true,"href":"https:\/\/www.radiopresidenteibanez.cl\/web\/wp-json\/wp\/v2\/media\/3681"}],"wp:attachment":[{"href":"https:\/\/www.radiopresidenteibanez.cl\/web\/wp-json\/wp\/v2\/media?parent=3680"}],"wp:term":[{"taxonomy":"category","embeddable":true,"href":"https:\/\/www.radiopresidenteibanez.cl\/web\/wp-json\/wp\/v2\/categories?post=3680"},{"taxonomy":"post_tag","embeddable":true,"href":"https:\/\/www.radiopresidenteibanez.cl\/web\/wp-json\/wp\/v2\/tags?post=3680"}],"curies":[{"name":"wp","href":"https:\/\/api.w.org\/{rel}","templated":true}]}}