{"id":368,"date":"2019-01-10T14:50:58","date_gmt":"2019-01-10T14:50:58","guid":{"rendered":"http:\/\/www.radiopresidenteibanez.cl\/web\/?p=368"},"modified":"2019-01-10T14:51:11","modified_gmt":"2019-01-10T14:51:11","slug":"core-aprobo-instructivo-y-distribucion-comunal-del-fondo-regional-de-iniciativa-local-fril-2019","status":"publish","type":"post","link":"https:\/\/www.radiopresidenteibanez.cl\/web\/core-aprobo-instructivo-y-distribucion-comunal-del-fondo-regional-de-iniciativa-local-fril-2019\/","title":{"rendered":"CORE APROB\u00d3 INSTRUCTIVO Y DISTRIBUCI\u00d3N COMUNAL DEL FONDO REGIONAL DE INICIATIVA LOCAL FRIL 2019"},"content":{"rendered":"\n<p>Por\nmayor\u00eda de votos el Consejo Regional sancion\u00f3 favorablemente el Instructivo y\nla Distribuci\u00f3n Comunal del Fondo Regional de Iniciativa Local (FRIL) para el\npresente a\u00f1o que considera una inversi\u00f3n total de 6 mil millones de pesos.<\/p>\n\n\n\n<p>Para\nlos proyectos municipales que presente la comuna de Punta Arenas ser\u00e1n\ndestinados 1.800 millones (30% del total de los recursos), para Puerto Natales\n1.200 millones (20%), Cabo de Hornos 396 millones 600 mil (6.61%), Primavera\n506 millones 400 mil pesos (8.44%), R\u00edo Verde 217 millones 200 mil (3.62%), San\nGregorio 264 millones (4.40%), Laguna Blanca 240 millones (4%), Porvenir 636\nmillones (10.60 %), Timaukel 240 millones (4%) y para Torres del Paine, 499\nmillones (8.33%). <\/p>\n\n\n\n<p>El\npresidente de la comisi\u00f3n Presupuesto, Ram\u00f3n Lobos, destac\u00f3 el trabajo\nefectuado por los Consejeros Regionales junto a las Unidades T\u00e9cnicas del\nGobierno Regional que signific\u00f3 importantes modificaciones a las bases que\nestablecen la metodolog\u00eda del concurso FRIL, &nbsp;\u201cse trata de ser lo m\u00e1s justos posibles y\ntener una mirada regional haci\u00e9ndonos cargo de las deficiencias que hasta ahora\nha presentado el desarrollo de estas iniciativas, logrando establecer un nuevo\ninstructivo\u201d. <\/p>\n\n\n\n<p>\u201cTodos\nqueremos que nuestros municipios tengan mayores recursos para ejercer su\nfunci\u00f3n pero esperamos que este nuevo instructivo permita mejorar los tiempos\nde ejecuci\u00f3n de los proyectos, favoreciendo a aquellos que los presenten precozmente\na fin de que sean aprobados con fondos de este a\u00f1o. Quiero validar lo que se ha\nhecho, &nbsp;ya que ahora hay instrucciones\nprecisas en cuanto a la focalizaci\u00f3n, ponderando con mayor puntaje aquellas\niniciativas que consideren, por ejemplo la eficiencia energ\u00e9tica o el fomento\ndel turismo en la regi\u00f3n\u201d, detall\u00f3 Lobos. <\/p>\n\n\n\n<p>En relaci\u00f3n\na los proyectos de Ejecuci\u00f3n Directa, se\u00f1al\u00f3 que se trabajar\u00e1 con grupos\nvulnerables espec\u00edficos otorg\u00e1ndoles prioridad y una oportunidad de empleo a\nquienes tienen dificultad para encontrarlo. &nbsp;\u201cEn una a\u00f1o m\u00e1s estaremos evaluando y veremos\nsi nuestra manera de pensar determin\u00f3 cambios o no\u201d, concluy\u00f3 el Consejero Regional.\n<\/p>\n","protected":false},"excerpt":{"rendered":"<p>Por mayor\u00eda de votos el Consejo Regional sancion\u00f3 favorablemente el Instructivo y la Distribuci\u00f3n Comunal del Fondo Regional de Iniciativa Local (FRIL) para el presente a\u00f1o que considera una inversi\u00f3n&#8230; <a class=\"read-more\" href=\"https:\/\/www.radiopresidenteibanez.cl\/web\/core-aprobo-instructivo-y-distribucion-comunal-del-fondo-regional-de-iniciativa-local-fril-2019\/\">Leer m\u00e1s<\/a><\/p>\n","protected":false},"author":2,"featured_media":369,"comment_status":"closed","ping_status":"closed","sticky":false,"template":"","format":"standard","meta":{"footnotes":""},"categories":[1],"tags":[],"class_list":["post-368","post","type-post","status-publish","format-standard","has-post-thumbnail","hentry","category-cronica"],"_links":{"self":[{"href":"https:\/\/www.radiopresidenteibanez.cl\/web\/wp-json\/wp\/v2\/posts\/368","targetHints":{"allow":["GET"]}}],"collection":[{"href":"https:\/\/www.radiopresidenteibanez.cl\/web\/wp-json\/wp\/v2\/posts"}],"about":[{"href":"https:\/\/www.radiopresidenteibanez.cl\/web\/wp-json\/wp\/v2\/types\/post"}],"author":[{"embeddable":true,"href":"https:\/\/www.radiopresidenteibanez.cl\/web\/wp-json\/wp\/v2\/users\/2"}],"replies":[{"embeddable":true,"href":"https:\/\/www.radiopresidenteibanez.cl\/web\/wp-json\/wp\/v2\/comments?post=368"}],"version-history":[{"count":0,"href":"https:\/\/www.radiopresidenteibanez.cl\/web\/wp-json\/wp\/v2\/posts\/368\/revisions"}],"wp:featuredmedia":[{"embeddable":true,"href":"https:\/\/www.radiopresidenteibanez.cl\/web\/wp-json\/wp\/v2\/media\/369"}],"wp:attachment":[{"href":"https:\/\/www.radiopresidenteibanez.cl\/web\/wp-json\/wp\/v2\/media?parent=368"}],"wp:term":[{"taxonomy":"category","embeddable":true,"href":"https:\/\/www.radiopresidenteibanez.cl\/web\/wp-json\/wp\/v2\/categories?post=368"},{"taxonomy":"post_tag","embeddable":true,"href":"https:\/\/www.radiopresidenteibanez.cl\/web\/wp-json\/wp\/v2\/tags?post=368"}],"curies":[{"name":"wp","href":"https:\/\/api.w.org\/{rel}","templated":true}]}}