{"id":36767,"date":"2023-01-22T11:04:00","date_gmt":"2023-01-22T14:04:00","guid":{"rendered":"https:\/\/www.radiopresidenteibanez.cl\/web\/?p=36767"},"modified":"2023-01-22T14:00:49","modified_gmt":"2023-01-22T17:00:49","slug":"tabsa-realizara-viaje-especial-a-porvenir","status":"publish","type":"post","link":"https:\/\/www.radiopresidenteibanez.cl\/web\/tabsa-realizara-viaje-especial-a-porvenir\/","title":{"rendered":"<strong>TABSA realizar\u00e1 viaje especial a Porvenir<\/strong>"},"content":{"rendered":"\n<p>Un viaje especial realizar\u00e1 el ferry Pathagon de TABSA este lunes 23 de enero hacia Porvenir, informaron desde la empresa.<\/p>\n\n\n\n<p>La embarcaci\u00f3n zarpar\u00e1 desde Punta Arenas a las 9 horas y desde Porvenir a las 14 horas.<\/p>\n\n\n\n<p>Los interesados pueden comprar sus pasajes en&nbsp;<a href=\"http:\/\/www.tabsa.cl\/\" target=\"_blank\" rel=\"noreferrer noopener\">www.tabsa.cl<\/a>. Los pasajeros deben presentarse con una hora y media de antelaci\u00f3n antes&nbsp;del&nbsp;zarpe.<\/p>\n","protected":false},"excerpt":{"rendered":"<p>Un viaje especial realizar\u00e1 el ferry Pathagon de TABSA este lunes 23 de enero hacia Porvenir, informaron desde la empresa. La embarcaci\u00f3n zarpar\u00e1 desde Punta Arenas a las 9 horas&#8230; <a class=\"read-more\" href=\"https:\/\/www.radiopresidenteibanez.cl\/web\/tabsa-realizara-viaje-especial-a-porvenir\/\">Leer m\u00e1s<\/a><\/p>\n","protected":false},"author":2,"featured_media":36768,"comment_status":"closed","ping_status":"closed","sticky":false,"template":"","format":"standard","meta":{"footnotes":""},"categories":[1],"tags":[],"class_list":["post-36767","post","type-post","status-publish","format-standard","has-post-thumbnail","hentry","category-cronica"],"_links":{"self":[{"href":"https:\/\/www.radiopresidenteibanez.cl\/web\/wp-json\/wp\/v2\/posts\/36767","targetHints":{"allow":["GET"]}}],"collection":[{"href":"https:\/\/www.radiopresidenteibanez.cl\/web\/wp-json\/wp\/v2\/posts"}],"about":[{"href":"https:\/\/www.radiopresidenteibanez.cl\/web\/wp-json\/wp\/v2\/types\/post"}],"author":[{"embeddable":true,"href":"https:\/\/www.radiopresidenteibanez.cl\/web\/wp-json\/wp\/v2\/users\/2"}],"replies":[{"embeddable":true,"href":"https:\/\/www.radiopresidenteibanez.cl\/web\/wp-json\/wp\/v2\/comments?post=36767"}],"version-history":[{"count":0,"href":"https:\/\/www.radiopresidenteibanez.cl\/web\/wp-json\/wp\/v2\/posts\/36767\/revisions"}],"wp:featuredmedia":[{"embeddable":true,"href":"https:\/\/www.radiopresidenteibanez.cl\/web\/wp-json\/wp\/v2\/media\/36768"}],"wp:attachment":[{"href":"https:\/\/www.radiopresidenteibanez.cl\/web\/wp-json\/wp\/v2\/media?parent=36767"}],"wp:term":[{"taxonomy":"category","embeddable":true,"href":"https:\/\/www.radiopresidenteibanez.cl\/web\/wp-json\/wp\/v2\/categories?post=36767"},{"taxonomy":"post_tag","embeddable":true,"href":"https:\/\/www.radiopresidenteibanez.cl\/web\/wp-json\/wp\/v2\/tags?post=36767"}],"curies":[{"name":"wp","href":"https:\/\/api.w.org\/{rel}","templated":true}]}}