{"id":36764,"date":"2023-01-22T15:17:00","date_gmt":"2023-01-22T18:17:00","guid":{"rendered":"https:\/\/www.radiopresidenteibanez.cl\/web\/?p=36764"},"modified":"2023-01-22T13:56:10","modified_gmt":"2023-01-22T16:56:10","slug":"mas-de-mil-millones-recibira-el-servicio-salud-magallanes-para-reduccion-de-listas-de-espera","status":"publish","type":"post","link":"https:\/\/www.radiopresidenteibanez.cl\/web\/mas-de-mil-millones-recibira-el-servicio-salud-magallanes-para-reduccion-de-listas-de-espera\/","title":{"rendered":"M\u00e1s de mil millones recibir\u00e1 el Servicio Salud Magallanes para reducci\u00f3n de listas de espera"},"content":{"rendered":"\n<p>Con el objetivo de continuar impulsando las estrategias de reducci\u00f3n de listas de espera, el<br>Ministerio de Salud a trav\u00e9s de la Subsecretar\u00eda de Redes Asistenciales, entregar\u00e1 al Servicio de<br>Salud Magallanes m\u00e1s de mil millones de pesos, destinados a cubrir intervenciones quir\u00fargicas<br>mayores, cirug\u00edas menores, consultas nuevas de especialidad, procedimientos GES y no GES,<br>d\u00e1ndole prioridad a aquellos pacientes m\u00e1s antiguos de la lista de espera.<br>En un recorrido por el Hospital Cl\u00ednico Magallanes junto a autoridades regionales, la Delegada<br>Presidencial de Magallanes, Luz Berm\u00fadez manifest\u00f3 que, \u201cpara nosotros es muy positivo como<br>gobierno los esfuerzos que se est\u00e1n poniendo en un tema que es tan sensible para la ciudadan\u00eda<br>como son las listas de espera. Tambi\u00e9n celebramos que, para este a\u00f1o, por lo menos estos<br>primeros cuatro meses, vamos a contar con nuevos recursos para seguir avanzando y seguir<br>optimizando los recursos que tenemos\u201d.<br>En la misma l\u00ednea, el Seremi de Gobierno, Andro Mimica, indic\u00f3 que salud es una prioridad para el<br>Gobierno. \u201cNosotros entendemos la salud como un derecho y tiene que haber un acceso m\u00e1s<br>expedito y es por eso el trabajo que se hace y se est\u00e1 realizando a trav\u00e9s del presidente Gabriel<br>Boric. El esfuerzo seguir\u00e1 siendo, vamos a seguir avanzando, continuaremos con el trabajo en<br>forma incansable junto a los y las funcionarios de salud\u201d, dijo.<br>Por su parte, el Seremi de Salud (S), Eduardo Castillo, enfatiz\u00f3 en que la pandemia de COVID-19<br>trajo consigo consecuencias m\u00e1s all\u00e1 de la propia pandemia. \u201cUna de ellas fue el aumento en las<br>listas de espera, porque hab\u00eda una urgencia que atender y en la cual se destinaron la mayor<br>cantidad de recursos econ\u00f3micos y f\u00edsicos. Por eso hoy d\u00eda queremos reconocer el trabajo del<\/p>\n\n\n\n<p>personal, especialmente de este hospital, en lo que ha significado poder dentro de la misma<br>pandemia, dar soluci\u00f3n a las atenciones de las listas de espera m\u00e1s atrasadas\u201d, se\u00f1al\u00f3.<br>Dicha pol\u00edtica de salud comenz\u00f3 en julio de 2022 y hasta diciembre del mismo a\u00f1o, se registraron<br>708 egresos totales de lista de espera quir\u00fargica; 92 consultas de salud mental realizadas en el<br>Centro de Salud Mental (COSAM) y 1.031 prestaciones GES entre cirug\u00edas, procedimientos,<br>ex\u00e1menes y consultas vigentes y retrasadas en Magallanes.<br>\u201cLas estrategias que se han identificado buscan por un lado, poner el trabajo con una extensi\u00f3n<br>horaria, es decir, fuera del horario institucional y tambi\u00e9n, los fines de semanas y festivos. Prueba<br>de ello es que este s\u00e1bado, el Hospital Cl\u00ednico ha habilitado dos pabellones asistenciales que han<br>permitido precisamente, resolver cirug\u00edas traumatol\u00f3gicas que es una de las especialidades m\u00e1s<br>demandadas\u201d, destac\u00f3 Ricardo Contreras, director (S) del Servicio de Salud Magallanes.<br>En 2022, el Servicio de Salud Magallanes logr\u00f3 una reducci\u00f3n del 26% en la lista de espera<br>quir\u00fargica no GES y se disminuy\u00f3 en 169 el promedio de d\u00edas de espera. Asimismo, el Hospital<br>Cl\u00ednico Magallanes, al corte del 30 de noviembre del 2022, se posicion\u00f3 en segundo lugar a nivel<br>nacional en uso de recursos FET (Fondos de Emergencia Transitorio), y complet\u00f3 un 100% de<br>contabilidad a usuarios y usuarias.<\/p>\n","protected":false},"excerpt":{"rendered":"<p>Con el objetivo de continuar impulsando las estrategias de reducci\u00f3n de listas de espera, elMinisterio de Salud a trav\u00e9s de la Subsecretar\u00eda de Redes Asistenciales, entregar\u00e1 al Servicio deSalud Magallanes&#8230; <a class=\"read-more\" href=\"https:\/\/www.radiopresidenteibanez.cl\/web\/mas-de-mil-millones-recibira-el-servicio-salud-magallanes-para-reduccion-de-listas-de-espera\/\">Leer m\u00e1s<\/a><\/p>\n","protected":false},"author":2,"featured_media":36765,"comment_status":"closed","ping_status":"closed","sticky":false,"template":"","format":"standard","meta":{"footnotes":""},"categories":[1],"tags":[],"class_list":["post-36764","post","type-post","status-publish","format-standard","has-post-thumbnail","hentry","category-cronica"],"_links":{"self":[{"href":"https:\/\/www.radiopresidenteibanez.cl\/web\/wp-json\/wp\/v2\/posts\/36764","targetHints":{"allow":["GET"]}}],"collection":[{"href":"https:\/\/www.radiopresidenteibanez.cl\/web\/wp-json\/wp\/v2\/posts"}],"about":[{"href":"https:\/\/www.radiopresidenteibanez.cl\/web\/wp-json\/wp\/v2\/types\/post"}],"author":[{"embeddable":true,"href":"https:\/\/www.radiopresidenteibanez.cl\/web\/wp-json\/wp\/v2\/users\/2"}],"replies":[{"embeddable":true,"href":"https:\/\/www.radiopresidenteibanez.cl\/web\/wp-json\/wp\/v2\/comments?post=36764"}],"version-history":[{"count":0,"href":"https:\/\/www.radiopresidenteibanez.cl\/web\/wp-json\/wp\/v2\/posts\/36764\/revisions"}],"wp:featuredmedia":[{"embeddable":true,"href":"https:\/\/www.radiopresidenteibanez.cl\/web\/wp-json\/wp\/v2\/media\/36765"}],"wp:attachment":[{"href":"https:\/\/www.radiopresidenteibanez.cl\/web\/wp-json\/wp\/v2\/media?parent=36764"}],"wp:term":[{"taxonomy":"category","embeddable":true,"href":"https:\/\/www.radiopresidenteibanez.cl\/web\/wp-json\/wp\/v2\/categories?post=36764"},{"taxonomy":"post_tag","embeddable":true,"href":"https:\/\/www.radiopresidenteibanez.cl\/web\/wp-json\/wp\/v2\/tags?post=36764"}],"curies":[{"name":"wp","href":"https:\/\/api.w.org\/{rel}","templated":true}]}}