{"id":3676,"date":"2019-04-25T16:50:10","date_gmt":"2019-04-25T16:50:10","guid":{"rendered":"http:\/\/www.radiopresidenteibanez.cl\/web\/?p=3676"},"modified":"2019-04-25T16:50:48","modified_gmt":"2019-04-25T16:50:48","slug":"autoridades-de-salud-y-corporacion-municipal-fortalecen-campana-anti-influenza-e-implementan-puntos-de-vacunacion-este-fin-de-semana","status":"publish","type":"post","link":"https:\/\/www.radiopresidenteibanez.cl\/web\/autoridades-de-salud-y-corporacion-municipal-fortalecen-campana-anti-influenza-e-implementan-puntos-de-vacunacion-este-fin-de-semana\/","title":{"rendered":"AUTORIDADES DE SALUD Y CORPORACI\u00d3N MUNICIPAL FORTALECEN CAMPA\u00d1A ANTI-INFLUENZA E IMPLEMENTAN PUNTOS DE VACUNACI\u00d3N ESTE FIN DE SEMANA"},"content":{"rendered":"\n<p>Embarazadas sobre trece semanas de\ngestaci\u00f3n y adultos mayores se sumaron a la Campa\u00f1a de Vacunaci\u00f3n\nAnti-Influenza en el CESFAM Carlos Ib\u00e1\u00f1ez del Campo y le pusieron el hombro al\ninvierno en actividad de refuerzo que llevaron a cabo el sector Salud y el \u00c1rea\nsalud de la Corporaci\u00f3n Municipal de Punta Arenas.<\/p>\n\n\n\n<p>Al\n23 de abril de 2019, la regi\u00f3n presenta una cobertura de la Campa\u00f1a de un 45,8%,\ncon 26.916 personas vacunadas de un universo de 58.798 personas. A nivel\nnacional el porcentaje de cobertura alcanza un 52,7%.<\/p>\n\n\n\n<p>La SEREMI de Salud de Magallanes,\nMariela Rojas, se\u00f1al\u00f3 que se ha ido avanzando en la Campa\u00f1a y dentro de las\nestrategias que se est\u00e1n utilizando se encuentran las actividades de\nreforzamiento, priorizando en alg\u00fan grupo objetivo, que en esta oportunidad fue\nel correspondiente a las embarazadas, quienes en la regi\u00f3n llevan una cobertura\nde 44.5%. \u201cPienso que con el apoyo de los medios de comunicaci\u00f3n y las diversas\nacciones que realizaremos, podamos revertir estas cifras y lograr la cobertura\nde un 85%\u201d, afirm\u00f3.<\/p>\n\n\n\n<p>Consultada sobre la acci\u00f3n de los\nmovimientos anti-vacunas y su injerencia en la poblaci\u00f3n, explic\u00f3 que hay\ndiversas razones por las cuales a\u00fan no se ha logrado la cobertura esperada: \u201cEstos\ngrupos anti-vacunas existen y han hecho que la poblaci\u00f3n se cuestione al\nvacunarse, adem\u00e1s en el contexto de la Semana de Vacunaci\u00f3n en las Am\u00e9ricas, que\ntiene como lema \u201cProtege Tu Comunidad, Haz Tu Parte\u201d con esta actividad estamos\nllamando a la comunidad a inmunizarse como un acto de solidaridad con quienes nos\nrodean y a nosotros mismos. Hay pa\u00edses como Estados Unidos y naciones de\nEuropa, en el cual se han presentado muertes producto del sarampi\u00f3n, porque\njustamente os movimientos han hecho que la gente no se vacune. En Chile, en\ngeneral nuestro Plan de Inmunizaciones ha tenido muy buena cobertura y\nesperamos que esto no se revierta. El llamado es a las personas a informarse\nbien, consultar con las personas indicadas\u201d <\/p>\n\n\n\n<p>La Jefa del \u00c1rea Salud de Cormupa,\nRosa Bidart, formul\u00f3 un llamado a las futuras madres a protegerse oportunamente\ncon la vacuna contra la influenza y evitar los riesgos de contraer la\nenfermedad. Respecto a los adultos mayores, explic\u00f3 que se est\u00e1 inmunizando a\ntrav\u00e9s del Programa \u201cPunta Arenas Te Cuida\u201d, quienes tienen su veh\u00edculo y van\nvisitando en base a su programaci\u00f3n de los pacientes postrado de los cinco CESFAM\nde Punta Arenas.<\/p>\n\n\n\n<p>La Jefa de Gesti\u00f3n Asistencial del\nServicio de Salud de Magallanes (SSM), Ximena Lorca, se\u00f1al\u00f3 que \u201cestamos\nabocados a trabajar en conjunto con la SEREMI y la Corporaci\u00f3n para convocar y\nmotivar a la poblaci\u00f3n a vacunarse, en especial los grupos de riesgo. Por lo\nmismo, queremos invitarlos para este s\u00e1bado 27 de abril a la ZonAustral a un\npunto de un vacunaci\u00f3n desde las 16.00 a las 19.00 horas\u201d. <\/p>\n\n\n\n<p>Ese s\u00e1bado, adem\u00e1s habr\u00e1n otros dos\npuntos: en la Feria Hort\u00edcola, que organiza la Ilustre Municipalidad de Punta\nArenas de 10.00 a 14.00 horas, en la Escuela Argentina, y en el Gobierno en Terreno entre las 14.00 a 17.00 horas\nen la Sede Social de Uni\u00f3n Comunal de Juntas de Vecinos, Covadonga N\u00b0060.<\/p>\n\n\n\n<p>La Directora del Cesfam Carlos Ib\u00e1\u00f1ez,\nGloria Ramirez, se\u00f1al\u00f3 que junto con vacunar a los jardines infantiles y\nestablecimientos educacionales y a pacientes postrados del sector, se vacuna en\ndicho Centro de Salud en la ma\u00f1ana entre las 8.30 horas a las 12.30, y en la\ntarde entre las 14.30 a las 16.30 horas. Anunci\u00f3 adem\u00e1s que durante la pr\u00f3xima\nsemana se dispondr\u00e1 de un equipo que vacunar\u00e1 en extensi\u00f3n horaria hasta las 20.00\nhoras. <\/p>\n\n\n\n<p>La poblaci\u00f3n objetivo puede vacunarse en\nlos centros de salud de la regi\u00f3n, &nbsp;en &nbsp;los vacunatorios privados en convenio,\nMegasalud y Cl\u00ednica de Magallanes, o en los puntos de vacunaci\u00f3n\nextraordinarios que se realizar\u00e1n durante esta Campa\u00f1a que se prolongar\u00e1 hasta\nmayo pr\u00f3ximo.<\/p>\n\n\n\n<p>La poblaci\u00f3n objetivo de la campa\u00f1a este a\u00f1o est\u00e1 compuesta por:<\/p>\n\n\n\n<ul class=\"wp-block-list\"><li>Las embarazadas, a partir\nde la 13\u00aa semana de gestaci\u00f3n.<\/li><li>Los ni\u00f1os y ni\u00f1as de edades\ncomprendidas entre los 6 meses a 5 a\u00f1os 11 meses y 29 d\u00edas.<\/li><li>Los adultos mayores de 65\na\u00f1os y m\u00e1s.<\/li><li>Los enfermos cr\u00f3nicos entre\n6 y 64 a\u00f1os.<\/li><li>Trabajadores de av\u00edcolas y\nde criaderos de cerdos.<\/li><li>Trabajadores,\nvoluntarios o estudiantes que desempe\u00f1an labores en establecimientos\nasistenciales p\u00fablicos o privados.<\/li><li>Trabajadores\nde la salud<\/li><li>Otras\nprioridades regionales.<\/li><\/ul>\n\n\n\n<figure class=\"wp-block-image\"><img loading=\"lazy\" decoding=\"async\" width=\"1024\" height=\"683\" src=\"https:\/\/www.radiopresidenteibanez.cl\/web\/wp-content\/uploads\/2019\/04\/IMG_7020-Copy-1024x683.jpg\" alt=\"\" class=\"wp-image-3677\" srcset=\"https:\/\/www.radiopresidenteibanez.cl\/web\/wp-content\/uploads\/2019\/04\/IMG_7020-Copy-1024x683.jpg 1024w, https:\/\/www.radiopresidenteibanez.cl\/web\/wp-content\/uploads\/2019\/04\/IMG_7020-Copy-300x200.jpg 300w, https:\/\/www.radiopresidenteibanez.cl\/web\/wp-content\/uploads\/2019\/04\/IMG_7020-Copy-768x512.jpg 768w, https:\/\/www.radiopresidenteibanez.cl\/web\/wp-content\/uploads\/2019\/04\/IMG_7020-Copy.jpg 1152w\" sizes=\"auto, (max-width: 1024px) 100vw, 1024px\" \/><\/figure>\n","protected":false},"excerpt":{"rendered":"<p>Embarazadas sobre trece semanas de gestaci\u00f3n y adultos mayores se sumaron a la Campa\u00f1a de Vacunaci\u00f3n Anti-Influenza en el CESFAM Carlos Ib\u00e1\u00f1ez del Campo y le pusieron el hombro al&#8230; <a class=\"read-more\" href=\"https:\/\/www.radiopresidenteibanez.cl\/web\/autoridades-de-salud-y-corporacion-municipal-fortalecen-campana-anti-influenza-e-implementan-puntos-de-vacunacion-este-fin-de-semana\/\">Leer m\u00e1s<\/a><\/p>\n","protected":false},"author":2,"featured_media":3677,"comment_status":"closed","ping_status":"closed","sticky":false,"template":"","format":"standard","meta":{"footnotes":""},"categories":[1],"tags":[],"class_list":["post-3676","post","type-post","status-publish","format-standard","has-post-thumbnail","hentry","category-cronica"],"_links":{"self":[{"href":"https:\/\/www.radiopresidenteibanez.cl\/web\/wp-json\/wp\/v2\/posts\/3676","targetHints":{"allow":["GET"]}}],"collection":[{"href":"https:\/\/www.radiopresidenteibanez.cl\/web\/wp-json\/wp\/v2\/posts"}],"about":[{"href":"https:\/\/www.radiopresidenteibanez.cl\/web\/wp-json\/wp\/v2\/types\/post"}],"author":[{"embeddable":true,"href":"https:\/\/www.radiopresidenteibanez.cl\/web\/wp-json\/wp\/v2\/users\/2"}],"replies":[{"embeddable":true,"href":"https:\/\/www.radiopresidenteibanez.cl\/web\/wp-json\/wp\/v2\/comments?post=3676"}],"version-history":[{"count":0,"href":"https:\/\/www.radiopresidenteibanez.cl\/web\/wp-json\/wp\/v2\/posts\/3676\/revisions"}],"wp:featuredmedia":[{"embeddable":true,"href":"https:\/\/www.radiopresidenteibanez.cl\/web\/wp-json\/wp\/v2\/media\/3677"}],"wp:attachment":[{"href":"https:\/\/www.radiopresidenteibanez.cl\/web\/wp-json\/wp\/v2\/media?parent=3676"}],"wp:term":[{"taxonomy":"category","embeddable":true,"href":"https:\/\/www.radiopresidenteibanez.cl\/web\/wp-json\/wp\/v2\/categories?post=3676"},{"taxonomy":"post_tag","embeddable":true,"href":"https:\/\/www.radiopresidenteibanez.cl\/web\/wp-json\/wp\/v2\/tags?post=3676"}],"curies":[{"name":"wp","href":"https:\/\/api.w.org\/{rel}","templated":true}]}}