{"id":3674,"date":"2019-04-25T16:43:58","date_gmt":"2019-04-25T16:43:58","guid":{"rendered":"http:\/\/www.radiopresidenteibanez.cl\/web\/?p=3674"},"modified":"2019-04-25T16:44:36","modified_gmt":"2019-04-25T16:44:36","slug":"tgr-magallanes-auditoria-confirma-legalidad-de-los-procesos-de-pago-de-bonificacion-de-ley-de-navarino","status":"publish","type":"post","link":"https:\/\/www.radiopresidenteibanez.cl\/web\/tgr-magallanes-auditoria-confirma-legalidad-de-los-procesos-de-pago-de-bonificacion-de-ley-de-navarino\/","title":{"rendered":"TGR MAGALLANES: \u201cAUDITOR\u00cdA CONFIRMA LEGALIDAD DE LOS PROCESOS DE PAGO DE BONIFICACI\u00d3N DE LEY DE NAVARINO\u201d."},"content":{"rendered":"\n<p>Contrario a lo publicado en algunos medios de\ncomunicaci\u00f3n regionales, respecto a una supuesta ilegalidad en el actuar de\nTesorer\u00eda en el pago del beneficio de bonificaci\u00f3n de la Ley Navarino, el\norganismo recaudador destac\u00f3 que \u201cdicho ente de control ratific\u00f3 en su informe,\nde manera contundente, el proceder de la Tesorer\u00eda Regional respecto de la\naplicaci\u00f3n de la Ley 18.392, al desestimar las denuncias presentadas por la\nAsociaci\u00f3n de Industriales de Tierra del Fuego y Navarino\u201d.<\/p>\n\n\n\n<p>Cabe recordar que la Contralor\u00eda Regional audit\u00f3\nlos procesos de la Tesorer\u00eda de Magallanes, en base a denuncias de dicho\ngremio. Luego de un exhaustivo an\u00e1lisis de los antecedentes entregados tanto\npor los denunciantes como por Tesorer\u00eda, Contralor\u00eda s\u00f3lo requiri\u00f3 a este\n\u00faltimo organismo efectuar dos mejoras en aspectos formales y puntuales del procedimiento,\nlos que se encuentran ya subsanados o en curso de ser resueltos. <\/p>\n\n\n\n<p>Respecto al fondo de las denuncias, que dicen\nrelaci\u00f3n con las supuestas excesivas demoras en los pagos de las\nbonificaciones, que provocar\u00edan perjuicios econ\u00f3micos a dicha asociaci\u00f3n, <strong>TGR subray\u00f3 que, de los 236 casos\nrevisados, Contralor\u00eda observa en s\u00f3lo uno de ellos un atraso de 3 d\u00edas\nh\u00e1biles. \u201cEsto significa que s\u00f3lo en un 0,4% del universo de los 236 casos\nauditados, se pudo detectar un retraso en los pagos, por un per\u00edodo muy\nacotado, lo que dif\u00edcilmente podr\u00eda llevar aparejados perjuicios en los\nt\u00e9rminos expuestos por la asociaci\u00f3n\u201d.<\/strong> Muy por el contrario, pr\u00e1cticamente\nen la totalidad de los casos el pago se efectu\u00f3 en el plazo legal, el que se\ncontabiliza desde que se comprueba el cumplimiento de los requisitos legales y\nno desde la presentaci\u00f3n del interesado, como lo estableci\u00f3 la Contralor\u00eda en\neste informe.<\/p>\n\n\n\n<p>\u201cEs una preocupaci\u00f3n constante para Tesorer\u00eda mejorar\nsus procedimientos y para ello hemos adoptado acciones concretas de\ncoordinaci\u00f3n con los restantes servicios involucrados y la Seremi de Hacienda,\nincluyendo a la propia Asociaci\u00f3n de Industriales, que ha participado en\ncapacitaciones para garantizar una mayor fluidez de las solicitudes. Es as\u00ed\ncomo se han reducido efectivamente los tiempos de espera, en menos de un a\u00f1o, hasta\nen un 50%, junto con casi duplicar el aporte fiscal a trav\u00e9s de las leyes de\nexcepci\u00f3n en los \u00faltimos a\u00f1os\u201d.<\/p>\n\n\n\n<p>El organismo agreg\u00f3 que \u201ces nuestro deber resguardar debidamente los recursos del fisco, lo que l\u00f3gicamente, de acuerdo al n\u00famero de antecedentes y la envergadura de los montos bonificados, exige una revisi\u00f3n exhaustiva de Tesorer\u00eda, a quien, de acuerdo a Ley Org\u00e1nica de la Administraci\u00f3n Financiera del Estado, y su Estatuto Org\u00e1nico, le compete la administraci\u00f3n y custodia de los fondos fiscales\u201d.<\/p>\n\n\n\n<figure class=\"wp-block-image\"><img loading=\"lazy\" decoding=\"async\" width=\"1024\" height=\"540\" src=\"http:\/\/www.radiopresidenteibanez.cl\/web\/wp-content\/uploads\/2019\/01\/panoramica-punta-arenas-1024x540.jpg\" alt=\"\" class=\"wp-image-740\" srcset=\"https:\/\/www.radiopresidenteibanez.cl\/web\/wp-content\/uploads\/2019\/01\/panoramica-punta-arenas-1024x540.jpg 1024w, https:\/\/www.radiopresidenteibanez.cl\/web\/wp-content\/uploads\/2019\/01\/panoramica-punta-arenas-300x158.jpg 300w, https:\/\/www.radiopresidenteibanez.cl\/web\/wp-content\/uploads\/2019\/01\/panoramica-punta-arenas-768x405.jpg 768w, https:\/\/www.radiopresidenteibanez.cl\/web\/wp-content\/uploads\/2019\/01\/panoramica-punta-arenas.jpg 1440w\" sizes=\"auto, (max-width: 1024px) 100vw, 1024px\" \/><\/figure>\n","protected":false},"excerpt":{"rendered":"<p>Contrario a lo publicado en algunos medios de comunicaci\u00f3n regionales, respecto a una supuesta ilegalidad en el actuar de Tesorer\u00eda en el pago del beneficio de bonificaci\u00f3n de la Ley&#8230; <a class=\"read-more\" href=\"https:\/\/www.radiopresidenteibanez.cl\/web\/tgr-magallanes-auditoria-confirma-legalidad-de-los-procesos-de-pago-de-bonificacion-de-ley-de-navarino\/\">Leer m\u00e1s<\/a><\/p>\n","protected":false},"author":2,"featured_media":740,"comment_status":"closed","ping_status":"closed","sticky":false,"template":"","format":"standard","meta":{"footnotes":""},"categories":[1],"tags":[],"class_list":["post-3674","post","type-post","status-publish","format-standard","has-post-thumbnail","hentry","category-cronica"],"_links":{"self":[{"href":"https:\/\/www.radiopresidenteibanez.cl\/web\/wp-json\/wp\/v2\/posts\/3674","targetHints":{"allow":["GET"]}}],"collection":[{"href":"https:\/\/www.radiopresidenteibanez.cl\/web\/wp-json\/wp\/v2\/posts"}],"about":[{"href":"https:\/\/www.radiopresidenteibanez.cl\/web\/wp-json\/wp\/v2\/types\/post"}],"author":[{"embeddable":true,"href":"https:\/\/www.radiopresidenteibanez.cl\/web\/wp-json\/wp\/v2\/users\/2"}],"replies":[{"embeddable":true,"href":"https:\/\/www.radiopresidenteibanez.cl\/web\/wp-json\/wp\/v2\/comments?post=3674"}],"version-history":[{"count":0,"href":"https:\/\/www.radiopresidenteibanez.cl\/web\/wp-json\/wp\/v2\/posts\/3674\/revisions"}],"wp:featuredmedia":[{"embeddable":true,"href":"https:\/\/www.radiopresidenteibanez.cl\/web\/wp-json\/wp\/v2\/media\/740"}],"wp:attachment":[{"href":"https:\/\/www.radiopresidenteibanez.cl\/web\/wp-json\/wp\/v2\/media?parent=3674"}],"wp:term":[{"taxonomy":"category","embeddable":true,"href":"https:\/\/www.radiopresidenteibanez.cl\/web\/wp-json\/wp\/v2\/categories?post=3674"},{"taxonomy":"post_tag","embeddable":true,"href":"https:\/\/www.radiopresidenteibanez.cl\/web\/wp-json\/wp\/v2\/tags?post=3674"}],"curies":[{"name":"wp","href":"https:\/\/api.w.org\/{rel}","templated":true}]}}