{"id":3668,"date":"2019-04-25T16:30:17","date_gmt":"2019-04-25T16:30:17","guid":{"rendered":"http:\/\/www.radiopresidenteibanez.cl\/web\/?p=3668"},"modified":"2019-04-25T16:30:32","modified_gmt":"2019-04-25T16:30:32","slug":"establecimientos-educacionales-de-cerro-castillo-seno-obstruccion-y-natales-recibieron-certificacion-ambiental","status":"publish","type":"post","link":"https:\/\/www.radiopresidenteibanez.cl\/web\/establecimientos-educacionales-de-cerro-castillo-seno-obstruccion-y-natales-recibieron-certificacion-ambiental\/","title":{"rendered":"ESTABLECIMIENTOS EDUCACIONALES DE CERRO CASTILLO, SENO OBSTRUCCI\u00d3N Y NATALES RECIBIERON CERTIFICACI\u00d3N AMBIENTAL"},"content":{"rendered":"\n<p>El Comit\u00e9\nRegional de Certificaci\u00f3n Ambiental, compuesto por Conaf, Junji y las Serem\u00edas\nde Salud, Energ\u00eda y Medio Ambiente, se traslad\u00f3 hacia la Provincia de \u00daltima\nEsperanza para realizar la ceremonia de certificaci\u00f3n ambiental del Programa\nEscuela Sustentable del Ministerio del Medio Ambiente. La actividad fue\npresidida por el Seremi del Medio Ambiente Eduardo Schiappacasse y cont\u00f3 con la\nparticipaci\u00f3n del Seremi de Energ\u00eda Nolberto S\u00e1ez y el Alcalde de Puerto\nNatales, Fernando Paredes.<\/p>\n\n\n\n<p>El Seremi Eduardo\nSchiappacasse explic\u00f3 que en la Provincia de \u00daltima Esperanza fueron 5\nestablecimientos que recibieron esta distinci\u00f3n. \u201cLe entregamos la Certificaci\u00f3n\nAmbiental a tres escuelas de Puerto Natales, una de Seno Obstrucci\u00f3n y una de\nla comuna de Torres del Payne. Esta acci\u00f3n es muy importante para nosotros, ya\nque la Educaci\u00f3n Ambiental es prioritario para el Gobierno del Presidente\nPi\u00f1era y estas las acciones nos permiten realizar un cambio cultural, ense\u00f1ando\na los m\u00e1s peque\u00f1os sobre Biodiversidad, Gesti\u00f3n de Residuos y Cambio Clim\u00e1tico\u201d,\nindic\u00f3.<\/p>\n\n\n\n<p>Los\nestablecimientos destacados en Nivel Excelencia fueron la Escuela Rural de Seno\nObstrucci\u00f3n y la Escuela Diferencial Nicol\u00e1s Mladinic. La Escuela Juan de\nLadrillero y la Escuela Ram\u00f3n Serrano Montaner de Cerro Castillo recibieron la\nCertificaci\u00f3n Ambiental en Nivel Medio. Mientras que el Liceo Polit\u00e9cnico,\nrecibi\u00f3 la certificaci\u00f3n en Nivel B\u00e1sico.<\/p>\n\n\n\n<p>Albertina\nMancilla, Directora de la Escuela Juan de Ladrillero, indic\u00f3 que est\u00e1n muy\nfelices con la certificaci\u00f3n. \u201cPara nosotros es un orgullo, porque vamos\navanzando lento, pero seguro. Estamos muy contentos y realizando varias\nacciones para lograr la Excelencia, ese es nuestro objetivo. Los docentes\ntienen en sus planificaciones inserto el tema medioambiental y para este a\u00f1o,\nestamos planificando varias actividades: ya tenemos un invernadero y desde pre-kinder\nhasta cuarto b\u00e1sico tenemos talleres de Medio Ambiente y, adem\u00e1s queremos\nhermosear nuestra escuela para que quienes nos visten diga: \u2018Esta Escuela es\nmedioambiental\u2019 \u201d, explic\u00f3.<\/p>\n\n\n\n<p>Por\nsu parte, el Alcalde de Natales, Fernando Paredes, destac\u00f3 que hoy se reconoce\nel compromiso con el Medio Ambiente de toda la comunidad natalina. \u201cQuisiera\nfelicitar a la Secretar\u00eda de Medio Ambiente y a toda la comisi\u00f3n que tiene la\nmisi\u00f3n de otorgar la certificaciones, porque claramente hay un compromiso de\nlos alumnos y ese compromiso hoy se est\u00e1 reconociendo; y a su vez, esto se\nreplica en los hogares, en las familias, en la comunidad, que yo dir\u00eda que ese\nes el sentido de este trabajo\u201d, indic\u00f3.<\/p>\n\n\n\n<p>El Programa Escuelas Sustentables tiene por objetivo la Certificaci\u00f3n Ambiental de Establecimientos Educacionales y busca ser una estrategia integral para abordar la educaci\u00f3n ambiental para la sustentabilidad en los establecimientos educacionales del pa\u00eds. Desde la educaci\u00f3n parvularia hasta la educaci\u00f3n media, los establecimientos se inscriben voluntariamente en la Seremi del Medio Ambiente, ubicada en Av. Bulnes 01040. Para mayor informaci\u00f3n visitar el sitio web en <a href=\"https:\/\/sncae.mma.gob.cl\/portal\">https:\/\/sncae.mma.gob.cl\/portal<\/a><\/p>\n\n\n\n<figure class=\"wp-block-image\"><img loading=\"lazy\" decoding=\"async\" width=\"900\" height=\"506\" src=\"https:\/\/www.radiopresidenteibanez.cl\/web\/wp-content\/uploads\/2019\/04\/Establecimientos-de-Natales.jpg\" alt=\"\" class=\"wp-image-3669\" srcset=\"https:\/\/www.radiopresidenteibanez.cl\/web\/wp-content\/uploads\/2019\/04\/Establecimientos-de-Natales.jpg 900w, https:\/\/www.radiopresidenteibanez.cl\/web\/wp-content\/uploads\/2019\/04\/Establecimientos-de-Natales-300x169.jpg 300w, https:\/\/www.radiopresidenteibanez.cl\/web\/wp-content\/uploads\/2019\/04\/Establecimientos-de-Natales-768x432.jpg 768w\" sizes=\"auto, (max-width: 900px) 100vw, 900px\" \/><\/figure>\n","protected":false},"excerpt":{"rendered":"<p>El Comit\u00e9 Regional de Certificaci\u00f3n Ambiental, compuesto por Conaf, Junji y las Serem\u00edas de Salud, Energ\u00eda y Medio Ambiente, se traslad\u00f3 hacia la Provincia de \u00daltima Esperanza para realizar la&#8230; <a class=\"read-more\" href=\"https:\/\/www.radiopresidenteibanez.cl\/web\/establecimientos-educacionales-de-cerro-castillo-seno-obstruccion-y-natales-recibieron-certificacion-ambiental\/\">Leer m\u00e1s<\/a><\/p>\n","protected":false},"author":2,"featured_media":3669,"comment_status":"closed","ping_status":"closed","sticky":false,"template":"","format":"standard","meta":{"footnotes":""},"categories":[1],"tags":[],"class_list":["post-3668","post","type-post","status-publish","format-standard","has-post-thumbnail","hentry","category-cronica"],"_links":{"self":[{"href":"https:\/\/www.radiopresidenteibanez.cl\/web\/wp-json\/wp\/v2\/posts\/3668","targetHints":{"allow":["GET"]}}],"collection":[{"href":"https:\/\/www.radiopresidenteibanez.cl\/web\/wp-json\/wp\/v2\/posts"}],"about":[{"href":"https:\/\/www.radiopresidenteibanez.cl\/web\/wp-json\/wp\/v2\/types\/post"}],"author":[{"embeddable":true,"href":"https:\/\/www.radiopresidenteibanez.cl\/web\/wp-json\/wp\/v2\/users\/2"}],"replies":[{"embeddable":true,"href":"https:\/\/www.radiopresidenteibanez.cl\/web\/wp-json\/wp\/v2\/comments?post=3668"}],"version-history":[{"count":0,"href":"https:\/\/www.radiopresidenteibanez.cl\/web\/wp-json\/wp\/v2\/posts\/3668\/revisions"}],"wp:featuredmedia":[{"embeddable":true,"href":"https:\/\/www.radiopresidenteibanez.cl\/web\/wp-json\/wp\/v2\/media\/3669"}],"wp:attachment":[{"href":"https:\/\/www.radiopresidenteibanez.cl\/web\/wp-json\/wp\/v2\/media?parent=3668"}],"wp:term":[{"taxonomy":"category","embeddable":true,"href":"https:\/\/www.radiopresidenteibanez.cl\/web\/wp-json\/wp\/v2\/categories?post=3668"},{"taxonomy":"post_tag","embeddable":true,"href":"https:\/\/www.radiopresidenteibanez.cl\/web\/wp-json\/wp\/v2\/tags?post=3668"}],"curies":[{"name":"wp","href":"https:\/\/api.w.org\/{rel}","templated":true}]}}