{"id":3665,"date":"2019-04-25T16:25:08","date_gmt":"2019-04-25T16:25:08","guid":{"rendered":"http:\/\/www.radiopresidenteibanez.cl\/web\/?p=3665"},"modified":"2019-04-25T16:25:21","modified_gmt":"2019-04-25T16:25:21","slug":"con-un-conversatorio-la-junji-lanzo-el-libro-el-abc-de-los-ninos-en-punta-arenas","status":"publish","type":"post","link":"https:\/\/www.radiopresidenteibanez.cl\/web\/con-un-conversatorio-la-junji-lanzo-el-libro-el-abc-de-los-ninos-en-punta-arenas\/","title":{"rendered":"CON UN CONVERSATORIO LA JUNJI LANZ\u00d3 EL LIBRO \u201cEL ABC DE LOS NI\u00d1OS\u201d EN PUNTA ARENAS"},"content":{"rendered":"\n<p>Con un participativo conversatorio en el establecimiento \u201cBambi\u201d de Punta Arenas, fue lanzado en la comuna el aplaudido libro de Ediciones de la Junta Nacional de Jardines Infantiles (JUNJI), \u201cEl ABC de los ni\u00f1os\u201d, contando con la participaci\u00f3n de p\u00e1rvulos que fueron parte de la elaboraci\u00f3n del texto en el recinto de calle Cancha Rayada 0346.<\/p>\n\n\n\n<p>El evento cont\u00f3 con la Secretaria Regional Ministerial de las Culturas, las Artes y el Patrimonio, Katherine Ibacache Calder\u00f3n; la Directora Regional Subrogante de la JUNJI, la educadora de p\u00e1rvulos Marisol Villegas N\u00fa\u00f1ez y el Presidente de la Sociedad de Escritores de Magallanes, V\u00edctor Hern\u00e1ndez Godoy, las familias de los ni\u00f1os, los equipos educativos del establecimiento educacional e integrantes de la comunidad del Barrio \u201c18 de Septiembre\u201d.&nbsp;<\/p>\n\n\n\n<p>Fueron entregadas distintas reacciones sobre la publicaci\u00f3n, c\u00f3mo se hizo part\u00edcipe a ni\u00f1as y ni\u00f1os de todo Chile y el impacto que ha tenido este diccionario elaborado con conceptos propios de la infancia, finalizando con la entrega de ejemplares a sus peque\u00f1os autores.<\/p>\n\n\n\n<p>Este lanzamiento estuvo en el contexto de las celebraciones por los 49 a\u00f1os de la JUNJI y coincidi\u00f3 con la conmemoraci\u00f3n del D\u00eda Internacional del Libro, lo que para la Secretaria de las Culturas, Katherine Ibacache, signific\u00f3 un valor agregado. \u201cEs un gran libro que abre la imaginaci\u00f3n de las ni\u00f1as y los ni\u00f1os, les permite crear y va en concordancia con lo que hace nuestro ministerio, de colocar a los peque\u00f1os primeros en la fila y que puedan jugar e imaginar. Gracias al \u2018ABC de los ni\u00f1os\u2019 vamos a tener personas con mayor creatividad y felicidad\u201d, dijo la autoridad.<\/p>\n\n\n\n<p>Para la apoderada y funcionaria del Jard\u00edn \u201cBambi\u201d, Vivian Oliva Guarda, la experiencia fue emocionante. \u201cVer reflejado el trabajo de mi hijo, Emiliano Mac\u00edas, a quien le gusta dibujar, en este libro es algo maravilloso. A una como mam\u00e1 le sorprende hasta d\u00f3nde puede llegar la imaginaci\u00f3n de un ni\u00f1o\u201d, manifest\u00f3 la joven.<\/p>\n\n\n\n<p>Agreg\u00f3 que \u201cel libro identifica al Jard\u00edn \u2018Bambi\u2019 y lo da a conocer, para que la comunidad se acerque a nosotras\u201d, pensando en el impacto que significa que varios p\u00e1rvulos de la unidad tengan un rol protag\u00f3nico en la obra.&nbsp;&nbsp;&nbsp;&nbsp;&nbsp;<\/p>\n\n\n\n<p>En tanto, V\u00edctor Hern\u00e1ndez alab\u00f3 que la JUNJI cuente con su propia editorial. \u201cEs impactante. Sus ediciones son de lujo y fomentan un patrimonio bibliogr\u00e1fico que, hace a\u00f1os atr\u00e1s, no hab\u00eda. Enriquece la literatura de corte infantil, por ejemplo, para hacer trabajos de investigaci\u00f3n en el \u00e1rea\u201d. El escritor afirm\u00f3 que trabajar con los ni\u00f1os es como estar en casa y llenarse de energ\u00eda positiva.&nbsp;<\/p>\n\n\n\n<p>Finalmente, la Directora Regional de la JUNJI, Marisol Villegas, agradeci\u00f3 a quienes participaron del evento, conmemorativo de los 49 a\u00f1os que cumple la instituci\u00f3n. \u201cQuisimos dedicar un d\u00eda al \u00e9xito de \u2018El ABC de los ni\u00f1os\u2019 con este conversatorio, que ha tenido alta convocatoria e impacto, compartiendo con las familias que estuvieron en la elaboraci\u00f3n de sus p\u00e1ginas y las ni\u00f1as y los ni\u00f1os autores y con el equipo educativo. Esperamos tener m\u00e1s jornadas as\u00ed, ya que siempre los libros de Ediciones de la JUNJI forman parte de nuestras actividades de Participaci\u00f3n Ciudadana\u201d, concluy\u00f3.<\/p>\n\n\n\n<p>\u201cEl ABC de los ni\u00f1os\u201d est\u00e1 a la venta en las oficinas de la JUNJI en Punta Arenas, Jos\u00e9 Men\u00e9ndez 788, a 15 mil pesos.\u00a0<\/p>\n\n\n\n<figure class=\"wp-block-image\"><img loading=\"lazy\" decoding=\"async\" width=\"900\" height=\"599\" src=\"https:\/\/www.radiopresidenteibanez.cl\/web\/wp-content\/uploads\/2019\/04\/IMG_1653.jpg\" alt=\"\" class=\"wp-image-3666\" srcset=\"https:\/\/www.radiopresidenteibanez.cl\/web\/wp-content\/uploads\/2019\/04\/IMG_1653.jpg 900w, https:\/\/www.radiopresidenteibanez.cl\/web\/wp-content\/uploads\/2019\/04\/IMG_1653-300x200.jpg 300w, https:\/\/www.radiopresidenteibanez.cl\/web\/wp-content\/uploads\/2019\/04\/IMG_1653-768x511.jpg 768w\" sizes=\"auto, (max-width: 900px) 100vw, 900px\" \/><\/figure>\n","protected":false},"excerpt":{"rendered":"<p>Con un participativo conversatorio en el establecimiento \u201cBambi\u201d de Punta Arenas, fue lanzado en la comuna el aplaudido libro de Ediciones de la Junta Nacional de Jardines Infantiles (JUNJI), \u201cEl&#8230; <a class=\"read-more\" href=\"https:\/\/www.radiopresidenteibanez.cl\/web\/con-un-conversatorio-la-junji-lanzo-el-libro-el-abc-de-los-ninos-en-punta-arenas\/\">Leer m\u00e1s<\/a><\/p>\n","protected":false},"author":2,"featured_media":3666,"comment_status":"closed","ping_status":"closed","sticky":false,"template":"","format":"standard","meta":{"footnotes":""},"categories":[1],"tags":[],"class_list":["post-3665","post","type-post","status-publish","format-standard","has-post-thumbnail","hentry","category-cronica"],"_links":{"self":[{"href":"https:\/\/www.radiopresidenteibanez.cl\/web\/wp-json\/wp\/v2\/posts\/3665","targetHints":{"allow":["GET"]}}],"collection":[{"href":"https:\/\/www.radiopresidenteibanez.cl\/web\/wp-json\/wp\/v2\/posts"}],"about":[{"href":"https:\/\/www.radiopresidenteibanez.cl\/web\/wp-json\/wp\/v2\/types\/post"}],"author":[{"embeddable":true,"href":"https:\/\/www.radiopresidenteibanez.cl\/web\/wp-json\/wp\/v2\/users\/2"}],"replies":[{"embeddable":true,"href":"https:\/\/www.radiopresidenteibanez.cl\/web\/wp-json\/wp\/v2\/comments?post=3665"}],"version-history":[{"count":0,"href":"https:\/\/www.radiopresidenteibanez.cl\/web\/wp-json\/wp\/v2\/posts\/3665\/revisions"}],"wp:featuredmedia":[{"embeddable":true,"href":"https:\/\/www.radiopresidenteibanez.cl\/web\/wp-json\/wp\/v2\/media\/3666"}],"wp:attachment":[{"href":"https:\/\/www.radiopresidenteibanez.cl\/web\/wp-json\/wp\/v2\/media?parent=3665"}],"wp:term":[{"taxonomy":"category","embeddable":true,"href":"https:\/\/www.radiopresidenteibanez.cl\/web\/wp-json\/wp\/v2\/categories?post=3665"},{"taxonomy":"post_tag","embeddable":true,"href":"https:\/\/www.radiopresidenteibanez.cl\/web\/wp-json\/wp\/v2\/tags?post=3665"}],"curies":[{"name":"wp","href":"https:\/\/api.w.org\/{rel}","templated":true}]}}