{"id":36638,"date":"2023-01-18T11:33:00","date_gmt":"2023-01-18T14:33:00","guid":{"rendered":"https:\/\/www.radiopresidenteibanez.cl\/web\/?p=36638"},"modified":"2023-01-18T10:40:45","modified_gmt":"2023-01-18T13:40:45","slug":"umag-recibe-la-mas-alta-cantidad-de-postulantes-en-su-historia-y-aumenta-124-en-comparacion-con-2022","status":"publish","type":"post","link":"https:\/\/www.radiopresidenteibanez.cl\/web\/umag-recibe-la-mas-alta-cantidad-de-postulantes-en-su-historia-y-aumenta-124-en-comparacion-con-2022\/","title":{"rendered":"UMAG recibe la m\u00e1s alta cantidad de postulantes en su historia y aumenta 124% en comparacion con 2022"},"content":{"rendered":"\n<p>La Universidad de Magallanes registr\u00f3 un sustancial incremento en la demanda por matr\u00edculas al recibir 2.090 postulaciones para el proceso 2023 y con ello reflejar un incremento de 124% comparado al proceso del a\u00f1o pasado donde se acogieron 932 solicitudes.<\/p>\n\n\n\n<p>La \u00fanica universidad p\u00fablica de la regi\u00f3n dispuso por ahora 680 cupos en 25 de sus 31 carreras, considerando que en el primer a\u00f1o hay planes comunes para las de ingenier\u00eda. Asimismo, por ahora hay 1.426 personas en listas de espera.<\/p>\n\n\n\n<p>El rector de la UMAG, Jos\u00e9 Maripani, expres\u00f3 su satisfacci\u00f3n al se\u00f1alar que \u201cnuestras postulaciones en la Universidad de Magallanes subieron 124%, algo que es hist\u00f3rico en nuestra regi\u00f3n y eso nos llena de alegr\u00eda. Pero entendemos tambi\u00e9n que esto es muy bueno para la regi\u00f3n, especialmente para los padres que no quieren que sus hijos se vayan\u201d.<\/p>\n\n\n\n<p>Enseguida reforz\u00f3 su idea: \u201dTiene explicaciones creo yo en alg\u00fan contexto que es m\u00e1s seguro vivir en Magallanes, el costo de la vida, de los pasajes, de los arriendos tambi\u00e9n es una limitante y queremos entonces que nuestra comunidad conf\u00ede en su universidad, que daremos nuestros mejores esfuerzos para que nuestras queridas y queridos estudiantes de Magallanes puedan recibir la mejor educaci\u00f3n en nuestra universidad. As\u00ed como yo soy ex alumno, me siento muy orgulloso&nbsp;de mi casa de estudios y tambi\u00e9n, en este caso particular, hay puntajes que son muy destacados a nivel regional como es el de Pablo G\u00f3mez, que fue mejor puntaje en la regi\u00f3n en matem\u00e1ticas y que decidi\u00f3 quedarse estudiando en una de nuestras ingenier\u00edas\u201d.<\/p>\n\n\n\n<p>Maripani abog\u00f3 para que la UMAG siga siendo la universidad de la regi\u00f3n y para los magall\u00e1nicos.<\/p>\n\n\n\n<p><strong>Medicina con 800 en listas de espera<\/strong><\/p>\n\n\n\n<p>Andrea Mansilla, directora de Promoci\u00f3n Universitaria de la UMAG, explic\u00f3 que en el proceso de este a\u00f1o se advierte que las carreras con m\u00e1s demandas son las que son las que hist\u00f3ricamente atraen a m\u00e1s estudiantes como las de Medicina, Enfermer\u00eda, Arquitectura, Psicolog\u00eda, Derecho, que tienen mayor n\u00famero de listas de espera. \u201cEn medicina tenemos unos 800 estudiantes en listas de espera, muy por sobre los 50 cupos que nosotros podemos ofrecer\u201d, afirm\u00f3.<br><\/p>\n\n\n\n<p>Adem\u00e1s, recalc\u00f3 que en general, comparado con procesos anteriores, esas carreras quedan siempre en listas de espera, pero nunca tanto como las que se han visto reflejadas este a\u00f1o. Tambi\u00e9n la carrera que tiene el mayor n\u00famero de estudiantes que vienen de afuera de la regi\u00f3n es la de Medicina con alrededor de un 40% que proceden de otras zonas del pa\u00eds.<\/p>\n\n\n\n<p>Andrea Mansilla sostuvo que desde este mi\u00e9rcoles 18 y hasta el viernes 20 es el primer periodo de matr\u00edcula. Todos los que est\u00e1n seleccionados pueden ingresar a matricularse de manera online en la p\u00e1gina <a href=\"http:\/\/matricula.umag.cl\/\" target=\"_blank\" rel=\"noreferrer noopener\">matricula.umag.cl<\/a> y adicionalmente dispondr\u00e1n puntos de apoyo al proceso de matr\u00edcula en el centro de atenci\u00f3n en Armando Sanhueza 1094 y tambi\u00e9n se dispondr\u00e1 de un punto de atenci\u00f3n en el edificio de Rector\u00eda del Campus de la UMAG.<\/p>\n\n\n\n<p>\u201cDespu\u00e9s correr\u00e1n las listas de espera y los postulantes deber\u00e1n estar atentos a nuestras p\u00e1ginas y plataformas digitales porque el segundo periodo de postulaci\u00f3n es desde el 21 al 27 de enero\u201d, precis\u00f3 Andrea Mansilla.<\/p>\n\n\n\n<p><strong>Puntaje regional en matem\u00e1ticas<\/strong><\/p>\n\n\n\n<p><strong>elige a la Universidad de Magallanes<\/strong><\/p>\n\n\n\n<p>El joven egresado del Instituto Don Bosco y alumno de piano del Conservatorio de M\u00fasica de la UMAG, Pablo G\u00f3mez, obtuvo mejor puntaje regional en matem\u00e1ticas y opt\u00f3 por quedarse en la Universidad de Magallanes para ingresar al plan com\u00fan de ingenier\u00eda y su aspiraci\u00f3n a futuro es seguir la especialidad en computaci\u00f3n e inform\u00e1tica. Adem\u00e1s, fue beneficiado con gratuidad.<\/p>\n\n\n\n<p>\u201cEleg\u00ed a la UMAG porque encuentro que es lo que m\u00e1s nos acomoda como familia porque tampoco somos una familia como muy adinerada. Irme al norte u otra regi\u00f3n lo veo complicado. La carrera que eleg\u00ed es ingenier\u00eda civil donde qued\u00e9 seleccionado debido a mi alto puntaje y fue la primera opci\u00f3n que eleg\u00ed y qued\u00e9. Estoy contento por haber obtenido un puntaje destacado y la oportunidad que me da la UMAG de estudiar con gratuidad\u201d, expres\u00f3 el joven estudiante.<br><\/p>\n\n\n\n<p>Su padre, Segundo G\u00f3mez, tambi\u00e9n se mostr\u00f3 emocionado por la elecci\u00f3n de su hijo y agradecido de la oportunidad que le otorga la Universidad de Magallanes al seguir estudios superiores.&nbsp;<\/p>\n\n\n\n<p>Dijo que como familia siempre Pablo los ha colmado de felicidad y logros que \u00e9l ha obtenido. Ya ven\u00eda ligado a la UMAG como alumno del Conservatorio de M\u00fasica en piano y que en ese plano ha tenido una carrera mete\u00f3rica desde hace nueve a\u00f1os cuando comenz\u00f3 a tocar piano. En lo acad\u00e9mico destac\u00f3 sus logros marcados por su buen rendimiento al haber terminado en el Instituto Don Bosco con promedio general 6,8.<\/p>\n\n\n\n<p>\u201cSe le dio la oportunidad de parte de la UMAG que lo llamaron y le ofrecieron pr\u00e1cticamente la carrera. El quer\u00eda optar por un a\u00f1o sab\u00e1tico, porque el a\u00f1o pasado fue muy estresante. Es el pianista del Teatro Municipal y participa all\u00ed y fue ca\u00f3tico. Termin\u00f3 exhausto. Le dijimos es tu decisi\u00f3n, pero ah\u00ed lleg\u00f3 la maravilla de la Universidad de Magallanes en la cual le ofreci\u00f3 la carrera gratuita, pero ten\u00eda que tomarla este a\u00f1o. Nuestro hijo, siempre nos ha llenado de orgullo y \u00e9l dijo no pap\u00e1, yo estudio y la decisi\u00f3n es de \u00e9l. Lo que decida ser\u00e1 para la familia y \u00e9l nos dijo: pap\u00e1 quiero estudiar ya que la Universidad me ofrece la carrera. Decido y empiezo este a\u00f1o. Esa es la decisi\u00f3n de \u00e9l y nosotros como pap\u00e1s lo \u00fanico es apoyarlo\u201d.<\/p>\n","protected":false},"excerpt":{"rendered":"<p>La Universidad de Magallanes registr\u00f3 un sustancial incremento en la demanda por matr\u00edculas al recibir 2.090 postulaciones para el proceso 2023 y con ello reflejar un incremento de 124% comparado&#8230; <a class=\"read-more\" href=\"https:\/\/www.radiopresidenteibanez.cl\/web\/umag-recibe-la-mas-alta-cantidad-de-postulantes-en-su-historia-y-aumenta-124-en-comparacion-con-2022\/\">Leer m\u00e1s<\/a><\/p>\n","protected":false},"author":2,"featured_media":36639,"comment_status":"closed","ping_status":"closed","sticky":false,"template":"","format":"standard","meta":{"footnotes":""},"categories":[1],"tags":[],"class_list":["post-36638","post","type-post","status-publish","format-standard","has-post-thumbnail","hentry","category-cronica"],"_links":{"self":[{"href":"https:\/\/www.radiopresidenteibanez.cl\/web\/wp-json\/wp\/v2\/posts\/36638","targetHints":{"allow":["GET"]}}],"collection":[{"href":"https:\/\/www.radiopresidenteibanez.cl\/web\/wp-json\/wp\/v2\/posts"}],"about":[{"href":"https:\/\/www.radiopresidenteibanez.cl\/web\/wp-json\/wp\/v2\/types\/post"}],"author":[{"embeddable":true,"href":"https:\/\/www.radiopresidenteibanez.cl\/web\/wp-json\/wp\/v2\/users\/2"}],"replies":[{"embeddable":true,"href":"https:\/\/www.radiopresidenteibanez.cl\/web\/wp-json\/wp\/v2\/comments?post=36638"}],"version-history":[{"count":0,"href":"https:\/\/www.radiopresidenteibanez.cl\/web\/wp-json\/wp\/v2\/posts\/36638\/revisions"}],"wp:featuredmedia":[{"embeddable":true,"href":"https:\/\/www.radiopresidenteibanez.cl\/web\/wp-json\/wp\/v2\/media\/36639"}],"wp:attachment":[{"href":"https:\/\/www.radiopresidenteibanez.cl\/web\/wp-json\/wp\/v2\/media?parent=36638"}],"wp:term":[{"taxonomy":"category","embeddable":true,"href":"https:\/\/www.radiopresidenteibanez.cl\/web\/wp-json\/wp\/v2\/categories?post=36638"},{"taxonomy":"post_tag","embeddable":true,"href":"https:\/\/www.radiopresidenteibanez.cl\/web\/wp-json\/wp\/v2\/tags?post=36638"}],"curies":[{"name":"wp","href":"https:\/\/api.w.org\/{rel}","templated":true}]}}