{"id":36632,"date":"2023-01-18T09:39:02","date_gmt":"2023-01-18T12:39:02","guid":{"rendered":"https:\/\/www.radiopresidenteibanez.cl\/web\/?p=36632"},"modified":"2023-01-18T09:39:11","modified_gmt":"2023-01-18T12:39:11","slug":"concejal-german-flores-creo-que-nace-una-luz-de-esperanza-para-hacer-realidad-obra-de-iluminacion-al-aeropuerto","status":"publish","type":"post","link":"https:\/\/www.radiopresidenteibanez.cl\/web\/concejal-german-flores-creo-que-nace-una-luz-de-esperanza-para-hacer-realidad-obra-de-iluminacion-al-aeropuerto\/","title":{"rendered":"CONCEJAL GERM\u00c1N FLORES: \u201cCREO QUE NACE UNA LUZ DE ESPERANZA PARA HACER REALIDAD OBRA DE ILUMINACI\u00d3N AL AEROPUERTO\u201d"},"content":{"rendered":"\n<p>Han transcurrido cinco a\u00f1os desde que el concejal de Punta Arenas Germ\u00e1n Flores, present\u00f3 ante<br>el concejo municipal la iniciativa de iluminar la ruta hacia el aeropuerto Internacional Carlos Ib\u00e1\u00f1ez<br>del Campo, pero a pesar del tiempo transcurrido, a\u00fan esta obra no se ha concretado, siendo una<br>demanda de la comunidad puntarenense.<br>\u201cLo he dicho muchas veces que, iluminar la ruta al aeropuerto no es un lujo, no es un proyecto<br>antojadizo, no es un proyecto de un concejal, de un alcalde o de los concejales, es una obra<br>anhelada y demandada por los vecinos, es una urgente necesidad que debe hacerse realidad en<br>beneficio de las personas y los conductores que usan diariamente esta v\u00eda\u201d, se\u00f1alo el concejal<br>Flores.<br>Pero quiz\u00e1s el constante tropiezo que ha tenido este proyecto instalado hace cinco a\u00f1os, podr\u00eda<br>empezar a revertirse, ello, tras la reuni\u00f3n que el alcalde la comuna Claudio Radonich junto al<br>concejal Germ\u00e1n Flores, sostuvieron con la Seremi del MOP Dahian Oyarzo y la directora de<br>Vialidad Valeria Oyarzo, en donde fueron informados, por ambas autoridades regionales, que el<br>Ministerio financiar\u00e1 lo que ser\u00e1 el estudio de ingenier\u00eda y posteriormente la obra.<br>\u201cLo dije desde un principio, tocar\u00eda todas las puertas que fuesen necesarias para hacer realidad<br>esta demanda ciudadana, y as\u00ed lo he hecho, me he reunido con ministros, con intendentes,<br>gobernadores, delegados presidenciales, autoridades regionales y hasta le entregu\u00e9 una carta al<br>Presidente de la Rep\u00fablica, en donde le solicit\u00e9 que apoyara esta iniciativa por la seguridad de<br>todos quienes transitan en esta ruta. El esfuerzo ha sido grande, pero si hay que seguir, seguir\u00e9,<br>pero creo que, a partir de hoy, nace una luz esperanza para hacer realidad la obra de iluminaci\u00f3n<br>al aeropuerto\u201d agreg\u00f3.<br>Finalmente se\u00f1al\u00f3 que seg\u00fan lo informado y si todo anda bien, el estudio de ingenier\u00eda podr\u00eda<br>estar concluido a principio del a\u00f1o 2024, para luego licitar la obra que podr\u00eda concluir con una ruta<br>iluminada a fines del 2024.<\/p>\n","protected":false},"excerpt":{"rendered":"<p>Han transcurrido cinco a\u00f1os desde que el concejal de Punta Arenas Germ\u00e1n Flores, present\u00f3 anteel concejo municipal la iniciativa de iluminar la ruta hacia el aeropuerto Internacional Carlos Ib\u00e1\u00f1ezdel Campo,&#8230; <a class=\"read-more\" href=\"https:\/\/www.radiopresidenteibanez.cl\/web\/concejal-german-flores-creo-que-nace-una-luz-de-esperanza-para-hacer-realidad-obra-de-iluminacion-al-aeropuerto\/\">Leer m\u00e1s<\/a><\/p>\n","protected":false},"author":2,"featured_media":36633,"comment_status":"closed","ping_status":"closed","sticky":false,"template":"","format":"standard","meta":{"footnotes":""},"categories":[1],"tags":[],"class_list":["post-36632","post","type-post","status-publish","format-standard","has-post-thumbnail","hentry","category-cronica"],"_links":{"self":[{"href":"https:\/\/www.radiopresidenteibanez.cl\/web\/wp-json\/wp\/v2\/posts\/36632","targetHints":{"allow":["GET"]}}],"collection":[{"href":"https:\/\/www.radiopresidenteibanez.cl\/web\/wp-json\/wp\/v2\/posts"}],"about":[{"href":"https:\/\/www.radiopresidenteibanez.cl\/web\/wp-json\/wp\/v2\/types\/post"}],"author":[{"embeddable":true,"href":"https:\/\/www.radiopresidenteibanez.cl\/web\/wp-json\/wp\/v2\/users\/2"}],"replies":[{"embeddable":true,"href":"https:\/\/www.radiopresidenteibanez.cl\/web\/wp-json\/wp\/v2\/comments?post=36632"}],"version-history":[{"count":0,"href":"https:\/\/www.radiopresidenteibanez.cl\/web\/wp-json\/wp\/v2\/posts\/36632\/revisions"}],"wp:featuredmedia":[{"embeddable":true,"href":"https:\/\/www.radiopresidenteibanez.cl\/web\/wp-json\/wp\/v2\/media\/36633"}],"wp:attachment":[{"href":"https:\/\/www.radiopresidenteibanez.cl\/web\/wp-json\/wp\/v2\/media?parent=36632"}],"wp:term":[{"taxonomy":"category","embeddable":true,"href":"https:\/\/www.radiopresidenteibanez.cl\/web\/wp-json\/wp\/v2\/categories?post=36632"},{"taxonomy":"post_tag","embeddable":true,"href":"https:\/\/www.radiopresidenteibanez.cl\/web\/wp-json\/wp\/v2\/tags?post=36632"}],"curies":[{"name":"wp","href":"https:\/\/api.w.org\/{rel}","templated":true}]}}