{"id":3662,"date":"2019-04-25T16:18:28","date_gmt":"2019-04-25T16:18:28","guid":{"rendered":"http:\/\/www.radiopresidenteibanez.cl\/web\/?p=3662"},"modified":"2019-04-25T16:18:57","modified_gmt":"2019-04-25T16:18:57","slug":"concejal-german-flores-insistio-en-proyecto-de-iluminacion-en-la-ruta-al-aeropuerto","status":"publish","type":"post","link":"https:\/\/www.radiopresidenteibanez.cl\/web\/concejal-german-flores-insistio-en-proyecto-de-iluminacion-en-la-ruta-al-aeropuerto\/","title":{"rendered":"CONCEJAL GERMAN FLORES INSISTI\u00d3 EN PROYECTO DE ILUMINACI\u00d3N EN LA RUTA AL AEROPUERTO"},"content":{"rendered":"\n<p>\u201cHa transcurrido m\u00e1s de un a\u00f1o desde que hice una solicitud en\neste concejo y a\u00fan no tenemos elaborado un proyecto, que permita dotar de\niluminaci\u00f3n la ruta que une la ciudad de Punta Arenas con el aeropuerto, que es\nuna necesidad urgente para la seguridad de los conductores y de los peatones\nque desplazan en esta v\u00eda\u201d<\/p>\n\n\n\n<p>Estas fueron las palabras del concejal de la comuna Germ\u00e1n\nFlores al momento de reiterar e insistir en la iniciativa propuesta en marzo\ndel a\u00f1o 2018, cuando se\u00f1al\u00f3 que esta ruta ya no pod\u00eda seguir sin iluminaci\u00f3n y\nhab\u00eda que avanzar en un proyecto para tales prop\u00f3sitos.<\/p>\n\n\n\n<p>Flores agreg\u00f3 que \u201cen febrero de este a\u00f1o desde Obras\nP\u00fablicas, se me se\u00f1al\u00f3 que en marzo vendr\u00eda un experto desde el nivel central\npara iniciar en terreno un levantamiento de proyecto, pero nunca lleg\u00f3. Hace un\npar de d\u00edas se me se\u00f1ala que podr\u00eda venir en mayo, obviamente esto me preocupa,\npues va pasando el tiempo y no tenemos absolutamente nada, por eso le reiter\u00e9\nal se\u00f1or alcalde que hagamos todos los esfuerzos para avanzar en esta urgente necesidad\u201d.<\/p>\n\n\n\n<p>Acto seguido, el concejal German Flores tambi\u00e9n se refiri\u00f3\nal proyecto que est\u00e1 impulsando el Ministerio de Obras P\u00fablicas en orden a\nconstruir un paso sobre nivel en la intersecci\u00f3n de Avenida Eduardo Frei con la\nAvenida Carlos Ib\u00e1\u00f1ez del Campo (ruta 9). Al respecto argument\u00f3 que existen en\nnuestro pa\u00eds varias ciudades que para descongestionar y hacer m\u00e1s seguro el\ndesplazamiento vehicular cuentan con rotondas sin la necesidad de tener pasos\nsobre nivel. <\/p>\n\n\n\n<p>\u201cTenemos el ejemplo de Puerto Montt, donde en la ruta 5\nexiste una rotonda de 65 metros de radio que une diferentes sectores, con un\nflujo vehicular muy superior a nuestras ciudad y no ha sido necesario un paso\nsobre nivel. Por otro lado tenemos la rotonda Grecia en Santiago con un radio\nde 90 metros, que debe ser la m\u00e1s grande nuestro pa\u00eds, que incluso tiene hasta\nsem\u00e1foros, sin paso sobre nivel, y que con el transcurso de los a\u00f1os se construy\u00f3\nsobre esta rotonda la Avenida Am\u00e9rico Vespucio\u201d, se\u00f1al\u00f3.<\/p>\n\n\n\n<p>En la oportunidad el concejal le hizo entrega al alcalde de un bosquejo de un modelo de rotonda que puede ser construida en Avenida Frei con la ruta 9, cuyo radio alcanza los 70 metros, agregando que \u201cEl MOP quiere invertir 25 mil millones de pesos, con una plataforma elevada de 300 metros de largo, con pilares que tendr\u00e1n que estar enterrados a una profundidad de 30 metros m\u00ednimos, con un estudio de viento de una velocidad de hasta 60 kil\u00f3metros por hora. Esta es una medida del MOP que no se ajusta a nuestra realidad, pues tenemos otras alternativas, por lo que espero que se pueda reevaluar dicho proyecto\u201d, concluy\u00f3.\u00a0 \u00a0<\/p>\n\n\n\n<figure class=\"wp-block-image\"><img loading=\"lazy\" decoding=\"async\" width=\"1000\" height=\"563\" src=\"https:\/\/www.radiopresidenteibanez.cl\/web\/wp-content\/uploads\/2019\/04\/GERMAN-FLORES.jpg\" alt=\"\" class=\"wp-image-3663\" srcset=\"https:\/\/www.radiopresidenteibanez.cl\/web\/wp-content\/uploads\/2019\/04\/GERMAN-FLORES.jpg 1000w, https:\/\/www.radiopresidenteibanez.cl\/web\/wp-content\/uploads\/2019\/04\/GERMAN-FLORES-300x169.jpg 300w, https:\/\/www.radiopresidenteibanez.cl\/web\/wp-content\/uploads\/2019\/04\/GERMAN-FLORES-768x432.jpg 768w\" sizes=\"auto, (max-width: 1000px) 100vw, 1000px\" \/><\/figure>\n","protected":false},"excerpt":{"rendered":"<p>\u201cHa transcurrido m\u00e1s de un a\u00f1o desde que hice una solicitud en este concejo y a\u00fan no tenemos elaborado un proyecto, que permita dotar de iluminaci\u00f3n la ruta que une&#8230; <a class=\"read-more\" href=\"https:\/\/www.radiopresidenteibanez.cl\/web\/concejal-german-flores-insistio-en-proyecto-de-iluminacion-en-la-ruta-al-aeropuerto\/\">Leer m\u00e1s<\/a><\/p>\n","protected":false},"author":2,"featured_media":3663,"comment_status":"closed","ping_status":"closed","sticky":false,"template":"","format":"standard","meta":{"footnotes":""},"categories":[1],"tags":[],"class_list":["post-3662","post","type-post","status-publish","format-standard","has-post-thumbnail","hentry","category-cronica"],"_links":{"self":[{"href":"https:\/\/www.radiopresidenteibanez.cl\/web\/wp-json\/wp\/v2\/posts\/3662","targetHints":{"allow":["GET"]}}],"collection":[{"href":"https:\/\/www.radiopresidenteibanez.cl\/web\/wp-json\/wp\/v2\/posts"}],"about":[{"href":"https:\/\/www.radiopresidenteibanez.cl\/web\/wp-json\/wp\/v2\/types\/post"}],"author":[{"embeddable":true,"href":"https:\/\/www.radiopresidenteibanez.cl\/web\/wp-json\/wp\/v2\/users\/2"}],"replies":[{"embeddable":true,"href":"https:\/\/www.radiopresidenteibanez.cl\/web\/wp-json\/wp\/v2\/comments?post=3662"}],"version-history":[{"count":0,"href":"https:\/\/www.radiopresidenteibanez.cl\/web\/wp-json\/wp\/v2\/posts\/3662\/revisions"}],"wp:featuredmedia":[{"embeddable":true,"href":"https:\/\/www.radiopresidenteibanez.cl\/web\/wp-json\/wp\/v2\/media\/3663"}],"wp:attachment":[{"href":"https:\/\/www.radiopresidenteibanez.cl\/web\/wp-json\/wp\/v2\/media?parent=3662"}],"wp:term":[{"taxonomy":"category","embeddable":true,"href":"https:\/\/www.radiopresidenteibanez.cl\/web\/wp-json\/wp\/v2\/categories?post=3662"},{"taxonomy":"post_tag","embeddable":true,"href":"https:\/\/www.radiopresidenteibanez.cl\/web\/wp-json\/wp\/v2\/tags?post=3662"}],"curies":[{"name":"wp","href":"https:\/\/api.w.org\/{rel}","templated":true}]}}