{"id":36582,"date":"2023-01-16T16:32:00","date_gmt":"2023-01-16T19:32:00","guid":{"rendered":"https:\/\/www.radiopresidenteibanez.cl\/web\/?p=36582"},"modified":"2023-01-16T11:35:09","modified_gmt":"2023-01-16T14:35:09","slug":"semana-de-homenajes-en-el-ultimo-tren-a-casa","status":"publish","type":"post","link":"https:\/\/www.radiopresidenteibanez.cl\/web\/semana-de-homenajes-en-el-ultimo-tren-a-casa\/","title":{"rendered":"<strong>SEMANA DE HOMENAJES EN EL \u00daLTIMO TREN A CASA<\/strong>"},"content":{"rendered":"\n<p>Para la semana comprendida entre el lunes 16 y viernes 20 de enero de 2023 el programa&nbsp;<em>\u00abEl \u00faltimo tren a casa\u00bb<\/em>&nbsp;que produce el Colectivo Aczi\u00f3n Kultural&nbsp; y que conduce Pedro Guichapany en Radio Presidente Ib\u00e1\u00f1ez presenta ediciones de homenajes a grandes exponentes de la m\u00fasica a partir de las 19 hrs.:<\/p>\n\n\n\n<p>&#8211; Lunes 16, Homenaje a&nbsp;<em><strong>Gato Alquinta<\/strong><\/em>&nbsp;al cumplirse 20 a\u00f1os de su fallecimiento. Historia y m\u00fasica de Los Jaivas.<\/p>\n\n\n\n<p>&#8211; Martes 17, Homenaje a&nbsp;<strong><em>Jaime Vivanco<\/em><\/strong>, m\u00fasico de los grupos Congreso y Fulano, fallecido hace 20 a\u00f1os.<\/p>\n\n\n\n<p>&#8211; Mi\u00e9rcoles 18, Homenaje a&nbsp;<strong><em>Jeff Beck<\/em><\/strong>, leyenda de la guitarra del rock fallecido el 10 de enero de 2023 a los 78 a\u00f1os.<\/p>\n\n\n\n<p>&#8211; Jueves 19, Homenaje a&nbsp;<em><strong>Janis Joplin<\/strong><\/em>&nbsp;en el d\u00eda de su cumplea\u00f1os 80. La estrella del rock naci\u00f3 el 19 de enero de 1943 y falleci\u00f3 a los 27 a\u00f1os el 3 de octubre de 1970.<\/p>\n\n\n\n<p>&#8211; Viernes 20,&nbsp;Homenaje a&nbsp;<strong><em>Jeff Beck<\/em><\/strong>, leyenda de la guitarra del rock fallecido el 10 de enero de 2023 a los 78 a\u00f1os.<\/p>\n","protected":false},"excerpt":{"rendered":"<p>Para la semana comprendida entre el lunes 16 y viernes 20 de enero de 2023 el programa&nbsp;\u00abEl \u00faltimo tren a casa\u00bb&nbsp;que produce el Colectivo Aczi\u00f3n Kultural&nbsp; y que conduce Pedro&#8230; <a class=\"read-more\" href=\"https:\/\/www.radiopresidenteibanez.cl\/web\/semana-de-homenajes-en-el-ultimo-tren-a-casa\/\">Leer m\u00e1s<\/a><\/p>\n","protected":false},"author":2,"featured_media":36583,"comment_status":"closed","ping_status":"closed","sticky":false,"template":"","format":"standard","meta":{"footnotes":""},"categories":[1],"tags":[],"class_list":["post-36582","post","type-post","status-publish","format-standard","has-post-thumbnail","hentry","category-cronica"],"_links":{"self":[{"href":"https:\/\/www.radiopresidenteibanez.cl\/web\/wp-json\/wp\/v2\/posts\/36582","targetHints":{"allow":["GET"]}}],"collection":[{"href":"https:\/\/www.radiopresidenteibanez.cl\/web\/wp-json\/wp\/v2\/posts"}],"about":[{"href":"https:\/\/www.radiopresidenteibanez.cl\/web\/wp-json\/wp\/v2\/types\/post"}],"author":[{"embeddable":true,"href":"https:\/\/www.radiopresidenteibanez.cl\/web\/wp-json\/wp\/v2\/users\/2"}],"replies":[{"embeddable":true,"href":"https:\/\/www.radiopresidenteibanez.cl\/web\/wp-json\/wp\/v2\/comments?post=36582"}],"version-history":[{"count":0,"href":"https:\/\/www.radiopresidenteibanez.cl\/web\/wp-json\/wp\/v2\/posts\/36582\/revisions"}],"wp:featuredmedia":[{"embeddable":true,"href":"https:\/\/www.radiopresidenteibanez.cl\/web\/wp-json\/wp\/v2\/media\/36583"}],"wp:attachment":[{"href":"https:\/\/www.radiopresidenteibanez.cl\/web\/wp-json\/wp\/v2\/media?parent=36582"}],"wp:term":[{"taxonomy":"category","embeddable":true,"href":"https:\/\/www.radiopresidenteibanez.cl\/web\/wp-json\/wp\/v2\/categories?post=36582"},{"taxonomy":"post_tag","embeddable":true,"href":"https:\/\/www.radiopresidenteibanez.cl\/web\/wp-json\/wp\/v2\/tags?post=36582"}],"curies":[{"name":"wp","href":"https:\/\/api.w.org\/{rel}","templated":true}]}}