{"id":3657,"date":"2019-04-24T15:26:15","date_gmt":"2019-04-24T15:26:15","guid":{"rendered":"http:\/\/www.radiopresidenteibanez.cl\/web\/?p=3657"},"modified":"2019-04-24T15:27:01","modified_gmt":"2019-04-24T15:27:01","slug":"cerro-de-la-cruz-quedo-sin-cachureos-gracias-a-operativo-municipal","status":"publish","type":"post","link":"https:\/\/www.radiopresidenteibanez.cl\/web\/cerro-de-la-cruz-quedo-sin-cachureos-gracias-a-operativo-municipal\/","title":{"rendered":"CERRO DE LA CRUZ QUED\u00d3 SIN CACHUREOS GRACIAS A OPERATIVO MUNICIPAL"},"content":{"rendered":"\n<p>La Campa\u00f1a \u201cPunta Arenas Retira Cachureos\u201d realiz\u00f3 un nuevo operativo, esta vez en el sector Cerro de la Cruz, llegando a un total de 600 hogares beneficiados y 250 metros c\u00fabicos menos de basura domiciliaria, entre colchones, lavadoras, refrigeradores y otros tantos enseres en desuso.<\/p>\n\n\n\n<p>Hasta ahora, en lo que va de la campa\u00f1a iniciada en enero del 2018, se han retirado cerca de 17 mil metros c\u00fabicos de Cachureos, beneficiando a 32 mil hogares de la comuna de Punta Arenas.<\/p>\n\n\n\n<p>El alcalde Claudio Radonich, quien lleg\u00f3 hasta calle Patagona con Jos\u00e9 Men\u00e9ndez, agradeci\u00f3 a quienes hacen posible la realizaci\u00f3n de esta exitosa campa\u00f1a, poniendo \u00e9nfasis en el trabajo de los funcionarios municipales y al personal de la empresa \u00c1reas Verdes.<\/p>\n\n\n\n<p>Para el pr\u00f3ximo d\u00eda 29 de abril est\u00e1 programado el retiro en el sector 2 de la Poblaci\u00f3n 18 de septiembre en el cuadrante: Jos\u00e9 Ignacio Zenteno, Mateo Toro y Zambrano, Juan Enrique Rosales y Mariano Ega\u00f1a.<\/p>\n\n\n\n<figure class=\"wp-block-image\"><img loading=\"lazy\" decoding=\"async\" width=\"1024\" height=\"694\" src=\"https:\/\/www.radiopresidenteibanez.cl\/web\/wp-content\/uploads\/2019\/04\/DSC_7907-1024x694.jpg\" alt=\"\" class=\"wp-image-3658\" srcset=\"https:\/\/www.radiopresidenteibanez.cl\/web\/wp-content\/uploads\/2019\/04\/DSC_7907-1024x694.jpg 1024w, https:\/\/www.radiopresidenteibanez.cl\/web\/wp-content\/uploads\/2019\/04\/DSC_7907-300x203.jpg 300w, https:\/\/www.radiopresidenteibanez.cl\/web\/wp-content\/uploads\/2019\/04\/DSC_7907-768x521.jpg 768w, https:\/\/www.radiopresidenteibanez.cl\/web\/wp-content\/uploads\/2019\/04\/DSC_7907.jpg 1500w\" sizes=\"auto, (max-width: 1024px) 100vw, 1024px\" \/><\/figure>\n","protected":false},"excerpt":{"rendered":"<p>La Campa\u00f1a \u201cPunta Arenas Retira Cachureos\u201d realiz\u00f3 un nuevo operativo, esta vez en el sector Cerro de la Cruz, llegando a un total de 600 hogares beneficiados y 250 metros&#8230; <a class=\"read-more\" href=\"https:\/\/www.radiopresidenteibanez.cl\/web\/cerro-de-la-cruz-quedo-sin-cachureos-gracias-a-operativo-municipal\/\">Leer m\u00e1s<\/a><\/p>\n","protected":false},"author":2,"featured_media":3658,"comment_status":"closed","ping_status":"closed","sticky":false,"template":"","format":"standard","meta":{"footnotes":""},"categories":[1],"tags":[],"class_list":["post-3657","post","type-post","status-publish","format-standard","has-post-thumbnail","hentry","category-cronica"],"_links":{"self":[{"href":"https:\/\/www.radiopresidenteibanez.cl\/web\/wp-json\/wp\/v2\/posts\/3657","targetHints":{"allow":["GET"]}}],"collection":[{"href":"https:\/\/www.radiopresidenteibanez.cl\/web\/wp-json\/wp\/v2\/posts"}],"about":[{"href":"https:\/\/www.radiopresidenteibanez.cl\/web\/wp-json\/wp\/v2\/types\/post"}],"author":[{"embeddable":true,"href":"https:\/\/www.radiopresidenteibanez.cl\/web\/wp-json\/wp\/v2\/users\/2"}],"replies":[{"embeddable":true,"href":"https:\/\/www.radiopresidenteibanez.cl\/web\/wp-json\/wp\/v2\/comments?post=3657"}],"version-history":[{"count":0,"href":"https:\/\/www.radiopresidenteibanez.cl\/web\/wp-json\/wp\/v2\/posts\/3657\/revisions"}],"wp:featuredmedia":[{"embeddable":true,"href":"https:\/\/www.radiopresidenteibanez.cl\/web\/wp-json\/wp\/v2\/media\/3658"}],"wp:attachment":[{"href":"https:\/\/www.radiopresidenteibanez.cl\/web\/wp-json\/wp\/v2\/media?parent=3657"}],"wp:term":[{"taxonomy":"category","embeddable":true,"href":"https:\/\/www.radiopresidenteibanez.cl\/web\/wp-json\/wp\/v2\/categories?post=3657"},{"taxonomy":"post_tag","embeddable":true,"href":"https:\/\/www.radiopresidenteibanez.cl\/web\/wp-json\/wp\/v2\/tags?post=3657"}],"curies":[{"name":"wp","href":"https:\/\/api.w.org\/{rel}","templated":true}]}}