{"id":36557,"date":"2023-01-15T16:00:00","date_gmt":"2023-01-15T19:00:00","guid":{"rendered":"https:\/\/www.radiopresidenteibanez.cl\/web\/?p=36557"},"modified":"2023-01-15T12:51:44","modified_gmt":"2023-01-15T15:51:44","slug":"con-exito-culminan-actividades-de-museos-en-verano-en-puerto-williams","status":"publish","type":"post","link":"https:\/\/www.radiopresidenteibanez.cl\/web\/con-exito-culminan-actividades-de-museos-en-verano-en-puerto-williams\/","title":{"rendered":"<strong>Con \u00e9xito culminan actividades de \u00abMuseos en Verano\u00bb en Puerto Williams<\/strong>"},"content":{"rendered":"\n<p>Durante esta semana, se desarrollaron dos actividades en el Museo Antropol\u00f3gico Mart\u00edn Gusinde de Puerto Williams, en el marco de \u00abMuseos en Verano\u00bb, iniciativa impulsada por el Ministerio de las Culturas, las Artes y el Patrimonio para promover las visitas a los museos y espacios culturales y patrimoniales a lo largo del pa\u00eds durante el per\u00edodo estival.<\/p>\n\n\n\n<p>La primera de ellas, realizada el martes 11 de enero pasado, estuvo enfocada en ni\u00f1as y ni\u00f1os que pudieron conocer parte de la labor de dicho museo, a trav\u00e9s de un taller donde crearon huellas del patrimonio con t\u00e9cnica l\u00fadica de yeso y plasticina. Tambi\u00e9n lograron interactuar libremente con los elementos propios de la cultura yagan y vestigios de varamientos de ballenas dispuestos en el parque del museo.<\/p>\n\n\n\n<p>Posteriormente, durante la tarde del mi\u00e9rcoles 12 de enero pasado, se ofrecieron visitas guiadas al Monumento Hist\u00f3rico Casa Stirling y pabell\u00f3n museal anexo. En estas dependencias se relata la historia del monumento, junto a su relaci\u00f3n con el territorio y sus primeros habitantes.<\/p>\n\n\n\n<p>La actividad se llev\u00f3 a cabo entre las 15:00 y 21:00 horas, y tuvo una muy buena acogida por parte de la comunidad local y visitantes, tanto nacionales como extranjeros, con una concurrencia de m\u00e1s de 60 personas.&nbsp;<\/p>\n\n\n\n<p>Ambas actividades estuvieron organizadas por el equipo del Museo Antropol\u00f3gico Mart\u00edn Gusinde, con el apoyo de la Oficina T\u00e9cnica Regional del Consejo de Monumentos Nacionales.<\/p>\n","protected":false},"excerpt":{"rendered":"<p>Durante esta semana, se desarrollaron dos actividades en el Museo Antropol\u00f3gico Mart\u00edn Gusinde de Puerto Williams, en el marco de \u00abMuseos en Verano\u00bb, iniciativa impulsada por el Ministerio de las&#8230; <a class=\"read-more\" href=\"https:\/\/www.radiopresidenteibanez.cl\/web\/con-exito-culminan-actividades-de-museos-en-verano-en-puerto-williams\/\">Leer m\u00e1s<\/a><\/p>\n","protected":false},"author":2,"featured_media":36558,"comment_status":"closed","ping_status":"closed","sticky":false,"template":"","format":"standard","meta":{"footnotes":""},"categories":[1],"tags":[],"class_list":["post-36557","post","type-post","status-publish","format-standard","has-post-thumbnail","hentry","category-cronica"],"_links":{"self":[{"href":"https:\/\/www.radiopresidenteibanez.cl\/web\/wp-json\/wp\/v2\/posts\/36557","targetHints":{"allow":["GET"]}}],"collection":[{"href":"https:\/\/www.radiopresidenteibanez.cl\/web\/wp-json\/wp\/v2\/posts"}],"about":[{"href":"https:\/\/www.radiopresidenteibanez.cl\/web\/wp-json\/wp\/v2\/types\/post"}],"author":[{"embeddable":true,"href":"https:\/\/www.radiopresidenteibanez.cl\/web\/wp-json\/wp\/v2\/users\/2"}],"replies":[{"embeddable":true,"href":"https:\/\/www.radiopresidenteibanez.cl\/web\/wp-json\/wp\/v2\/comments?post=36557"}],"version-history":[{"count":0,"href":"https:\/\/www.radiopresidenteibanez.cl\/web\/wp-json\/wp\/v2\/posts\/36557\/revisions"}],"wp:featuredmedia":[{"embeddable":true,"href":"https:\/\/www.radiopresidenteibanez.cl\/web\/wp-json\/wp\/v2\/media\/36558"}],"wp:attachment":[{"href":"https:\/\/www.radiopresidenteibanez.cl\/web\/wp-json\/wp\/v2\/media?parent=36557"}],"wp:term":[{"taxonomy":"category","embeddable":true,"href":"https:\/\/www.radiopresidenteibanez.cl\/web\/wp-json\/wp\/v2\/categories?post=36557"},{"taxonomy":"post_tag","embeddable":true,"href":"https:\/\/www.radiopresidenteibanez.cl\/web\/wp-json\/wp\/v2\/tags?post=36557"}],"curies":[{"name":"wp","href":"https:\/\/api.w.org\/{rel}","templated":true}]}}