{"id":36548,"date":"2023-01-15T10:53:00","date_gmt":"2023-01-15T13:53:00","guid":{"rendered":"https:\/\/www.radiopresidenteibanez.cl\/web\/?p=36548"},"modified":"2023-01-15T12:32:28","modified_gmt":"2023-01-15T15:32:28","slug":"consejo-regional-busca-reducir-largas-lista-de-espera-con-la-llegada-deespecialistas-argentinos","status":"publish","type":"post","link":"https:\/\/www.radiopresidenteibanez.cl\/web\/consejo-regional-busca-reducir-largas-lista-de-espera-con-la-llegada-deespecialistas-argentinos\/","title":{"rendered":"CONSEJO REGIONAL BUSCA REDUCIR LARGAS LISTA DE ESPERA CON LA LLEGADA DE<br>ESPECIALISTAS ARGENTINOS"},"content":{"rendered":"\n<p>la Regi\u00f3n de Magallanes en el \u00e1rea salud exterioriza grandes carencias, tanto en equipamiento<br>como en la atenci\u00f3n misma de las diferentes especialidades requeridas de la zona, \u00e9stos son las<br>constantes menciones por parte del Consejo Regional en las Sesiones del Pleno, adem\u00e1s de las<br>insistentes quejas de las distintas provincias, quienes sufren al tener que trasladarse a otras zonas<br>para conseguir tratamiento a sus enfermedades. Altos son los costos que consideran los<br>procedimientos; traslado, alojamiento, comida. Los pacientes se deben radicar en la ciudad de<br>Punta Arenas o bien acercarse a la zona centro del pa\u00eds, donde se hayan las implementaciones<br>necesarias para su mejor\u00eda.<br>En el mismo contexto los integrantes de la Comisi\u00f3n de Seguimiento del Convenio de Salud del<br>Gobierno Regional; Consejero Miguel Sierpe G., Antonio Rispoli G., Antonio Bradasic S. junto al<br>Director del Servicio de Saluda de Magallanes, participaron en la ciudad de Puerto Natales el<br>pasado 15 de octubre 2022 en el encuentro con 40 m\u00e9dicos especialistas de la Rep\u00fablica<br>Argentina, quienes expusieron su inter\u00e9s y compromiso para poder ayudar a la regi\u00f3n y ejercer su<br>profesi\u00f3n, buscando as\u00ed reducir las altas listas de esperas y las atenciones de especialistas.<br>Posteriormente los mismos integrantes de la Comisi\u00f3n junto al Gobernador viajaron a la ciudad de<br>Santiago para reunirse con la Ministra de Salud Ximena Aguilera S., encuentro en el que se<br>trataron las necesidades de Magallanes;<br>\u2018\u2019La Ministra encontr\u00f3 que era una oferta muy generosa, que es una situaci\u00f3n muy conveniente y<br>que nosotros podr\u00edamos ser, si es que esto llegase a resultar, la primera regi\u00f3n del pa\u00eds que podr\u00eda<br>dar t\u00e9rmino a las largas listas de espera \u2018\u2019 se\u00f1al\u00f3 el Consejero Miguel Sierpe G.<br>En la misma reuni\u00f3n se refirieron a las insuficiencias y necesidades de la zona respecto a<br>maquinarias para tratamientos en mal estado, carencia de especialistas, largas listas de espera, a<br>lo cual la Ministra se pronunci\u00f3 con alcances positivos para mejorar la situaci\u00f3n;<br>\u2018\u2019Se comprometi\u00f3 con nosotros, \u00e9ste mes de enero ellos pensaban venir con una comisi\u00f3n a<br>trabajar a Punta Arenas, primero para ver el caso de las m\u00e1quinas, no solo la del c\u00e1ncer, sino que<br>tambi\u00e9n otras que est\u00e1n con problemas, y a su vez iban a ver la petici\u00f3n que se les hizo, respecto a<br>qu\u00e9 hacer para conseguir alg\u00fan permiso especial, como el que se hizo en Isla de Pascua para que<br>esos m\u00e9dicos puedan venir a Punta Arenas y tratar de sacar estas listas de espera y poder<br>favorecer a tanta gente que est\u00e1 con problemas hace a\u00f1os\u2019\u2019 mencion\u00f3 el Consejero Antonio<br>R\u00edspoli G.<br>Cabe se\u00f1alar que previo al proceso y la posterior instalaci\u00f3n de los expertos en la Regi\u00f3n, los ya<br>mencionados deben pasar por un proceso de ex\u00e1menes para certificar y validar su nivel de<br>medicina en el Pa\u00eds, condici\u00f3n que al parecer, se\u00f1alan no tener inconveniente en salvar.<\/p>\n","protected":false},"excerpt":{"rendered":"<p>la Regi\u00f3n de Magallanes en el \u00e1rea salud exterioriza grandes carencias, tanto en equipamientocomo en la atenci\u00f3n misma de las diferentes especialidades requeridas de la zona, \u00e9stos son lasconstantes menciones&#8230; <a class=\"read-more\" href=\"https:\/\/www.radiopresidenteibanez.cl\/web\/consejo-regional-busca-reducir-largas-lista-de-espera-con-la-llegada-deespecialistas-argentinos\/\">Leer m\u00e1s<\/a><\/p>\n","protected":false},"author":2,"featured_media":36549,"comment_status":"closed","ping_status":"closed","sticky":false,"template":"","format":"standard","meta":{"footnotes":""},"categories":[1],"tags":[],"class_list":["post-36548","post","type-post","status-publish","format-standard","has-post-thumbnail","hentry","category-cronica"],"_links":{"self":[{"href":"https:\/\/www.radiopresidenteibanez.cl\/web\/wp-json\/wp\/v2\/posts\/36548","targetHints":{"allow":["GET"]}}],"collection":[{"href":"https:\/\/www.radiopresidenteibanez.cl\/web\/wp-json\/wp\/v2\/posts"}],"about":[{"href":"https:\/\/www.radiopresidenteibanez.cl\/web\/wp-json\/wp\/v2\/types\/post"}],"author":[{"embeddable":true,"href":"https:\/\/www.radiopresidenteibanez.cl\/web\/wp-json\/wp\/v2\/users\/2"}],"replies":[{"embeddable":true,"href":"https:\/\/www.radiopresidenteibanez.cl\/web\/wp-json\/wp\/v2\/comments?post=36548"}],"version-history":[{"count":0,"href":"https:\/\/www.radiopresidenteibanez.cl\/web\/wp-json\/wp\/v2\/posts\/36548\/revisions"}],"wp:featuredmedia":[{"embeddable":true,"href":"https:\/\/www.radiopresidenteibanez.cl\/web\/wp-json\/wp\/v2\/media\/36549"}],"wp:attachment":[{"href":"https:\/\/www.radiopresidenteibanez.cl\/web\/wp-json\/wp\/v2\/media?parent=36548"}],"wp:term":[{"taxonomy":"category","embeddable":true,"href":"https:\/\/www.radiopresidenteibanez.cl\/web\/wp-json\/wp\/v2\/categories?post=36548"},{"taxonomy":"post_tag","embeddable":true,"href":"https:\/\/www.radiopresidenteibanez.cl\/web\/wp-json\/wp\/v2\/tags?post=36548"}],"curies":[{"name":"wp","href":"https:\/\/api.w.org\/{rel}","templated":true}]}}