{"id":36546,"date":"2023-01-15T09:40:00","date_gmt":"2023-01-15T12:40:00","guid":{"rendered":"https:\/\/www.radiopresidenteibanez.cl\/web\/?p=36546"},"modified":"2023-01-15T12:27:41","modified_gmt":"2023-01-15T15:27:41","slug":"iba-yo-para-una-fiesta-cuando-me-paso-esta-mano-procuro-sacar-temprano-el-boleto-lo-que-cuesta-canta-victor-jara","status":"publish","type":"post","link":"https:\/\/www.radiopresidenteibanez.cl\/web\/iba-yo-para-una-fiesta-cuando-me-paso-esta-mano-procuro-sacar-temprano-el-boleto-lo-que-cuesta-canta-victor-jara\/","title":{"rendered":"\u00abIba yo para una fiesta cuando me pas\u00f3 esta mano, procuro sacar temprano el boleto lo que cuesta..\u00bb canta Victor Jara"},"content":{"rendered":"\n<p>&nbsp;Miles son los que est\u00e1n muriendo d\u00eda a d\u00eda de hambre en el mundo, se siguen secando grandes extensiones de tierra. Solo polvo y sequedad donde antes hubo selva y floresta.<br>Y sin embargo solo algunas acciones, m\u00e1s de propaganda que cuestiones efectivas, se activan de vez en cuando mientras la gente sigue sufriendo los efectos depredadores y destructores del capital.<br>Y es esto lo que lleva a los potentados a mostrarse m\u00e1s humanos, a entregar migajas de lo mucho que obtienen explotando la tierra y generando miserias por el mundo.<br>Se preocupan de aportar millones para evitar la caza de ballenas y dicen cuidar la flora y la fauna, mientras saturan al mundo con sus envases de pl\u00e1stico y sus productos desechables, que tardan siglos en degradarse.<br>Han idiotizado a los pueblos con adelantos tecnol\u00f3gicos que tienen a la gente sumida en la individualidad, la incomunicaci\u00f3n y la violencia, pero son presentados como grandes fil\u00e1ntropos por los medios de comunicaci\u00f3n que ellos mismo se encargaron de adquirir para controlarlo todo.<br>Y aqu\u00ed estamos, utilizando un vocabulario decadente que cada vez se acerca m\u00e1s a dialectos inentendibles, con ritmos que dejan de lado la belleza para transformarse en un tam-tam interminable sin una construcci\u00f3n definida y letras cargadas de violencia, con apolog\u00eda al consumo y el libertinaje.<br>La m\u00e1s m\u00ednima queja o reclamo por respeto cuando te pasan a llevar, puede traer aparejadas agresiones verbales y f\u00edsicas e incluso la muerte. Portar armas se est\u00e1 transformando en una costumbre brutal, golpear al otro intentando quitarle cualquier cosa se hace cotidiano y no hay reacci\u00f3n, solo silencio, la cabeza gacha y apurar el tranco para encerrarse entre cadenas al interior de los hogares.<\/p>\n\n\n\n<p>2.- Puede gustarnos o no pero debemos decir que todo lo que pasa en el mundo es culpa del capitalismo y el salvajismo en que ese sistema nos lleva a vivir.<br>Ellos con su voracidad provocaron la extrema miseria y desde ah\u00ed naci\u00f3 la obligaci\u00f3n de sobrevivir a como diera lugar. Ellos insertaron la droga en pueblos que luchaban por liberarse de las cadenas, promueven el uso indiscriminado del alcohol y, dig\u00e1moslo con franqueza, los que hacen poco o nada por terminar con el comercio ilegal y su secuela de penurias y dolores.<br>Mientras algunos sectores peque\u00f1os viven en la abundancia, con supermercados llenos de productos, porque ah\u00ed jam\u00e1s hay carencias, todo el resto se tiene que dar vuelta entre el dolor, la miseria y el mal vivir.<br>Dif\u00edcil salir de esta encrucijada, y es que se arrastra por d\u00e9cadas, centurias y cada vez son menos los que se dan cuenta por donde debemos partir para revertir el cuadro.<br>Educaci\u00f3n es el primer paso. Educar a nuestro pueblo para que conozca sus derechos.Solo as\u00ed desarrollar\u00e1 las organizaciones para alcanzarlos.<br>Y ciertamente tendr\u00e1 que luchar por ellos.<br>***********<br>Nuestra fuerza la Unidad<br>Nuestra meta la Victoria<\/p>\n","protected":false},"excerpt":{"rendered":"<p>&nbsp;Miles son los que est\u00e1n muriendo d\u00eda a d\u00eda de hambre en el mundo, se siguen secando grandes extensiones de tierra. Solo polvo y sequedad donde antes hubo selva y&#8230; <a class=\"read-more\" href=\"https:\/\/www.radiopresidenteibanez.cl\/web\/iba-yo-para-una-fiesta-cuando-me-paso-esta-mano-procuro-sacar-temprano-el-boleto-lo-que-cuesta-canta-victor-jara\/\">Leer m\u00e1s<\/a><\/p>\n","protected":false},"author":2,"featured_media":36496,"comment_status":"closed","ping_status":"closed","sticky":false,"template":"","format":"standard","meta":{"footnotes":""},"categories":[1],"tags":[],"class_list":["post-36546","post","type-post","status-publish","format-standard","has-post-thumbnail","hentry","category-cronica"],"_links":{"self":[{"href":"https:\/\/www.radiopresidenteibanez.cl\/web\/wp-json\/wp\/v2\/posts\/36546","targetHints":{"allow":["GET"]}}],"collection":[{"href":"https:\/\/www.radiopresidenteibanez.cl\/web\/wp-json\/wp\/v2\/posts"}],"about":[{"href":"https:\/\/www.radiopresidenteibanez.cl\/web\/wp-json\/wp\/v2\/types\/post"}],"author":[{"embeddable":true,"href":"https:\/\/www.radiopresidenteibanez.cl\/web\/wp-json\/wp\/v2\/users\/2"}],"replies":[{"embeddable":true,"href":"https:\/\/www.radiopresidenteibanez.cl\/web\/wp-json\/wp\/v2\/comments?post=36546"}],"version-history":[{"count":0,"href":"https:\/\/www.radiopresidenteibanez.cl\/web\/wp-json\/wp\/v2\/posts\/36546\/revisions"}],"wp:featuredmedia":[{"embeddable":true,"href":"https:\/\/www.radiopresidenteibanez.cl\/web\/wp-json\/wp\/v2\/media\/36496"}],"wp:attachment":[{"href":"https:\/\/www.radiopresidenteibanez.cl\/web\/wp-json\/wp\/v2\/media?parent=36546"}],"wp:term":[{"taxonomy":"category","embeddable":true,"href":"https:\/\/www.radiopresidenteibanez.cl\/web\/wp-json\/wp\/v2\/categories?post=36546"},{"taxonomy":"post_tag","embeddable":true,"href":"https:\/\/www.radiopresidenteibanez.cl\/web\/wp-json\/wp\/v2\/tags?post=36546"}],"curies":[{"name":"wp","href":"https:\/\/api.w.org\/{rel}","templated":true}]}}