{"id":3654,"date":"2019-04-24T15:21:44","date_gmt":"2019-04-24T15:21:44","guid":{"rendered":"http:\/\/www.radiopresidenteibanez.cl\/web\/?p=3654"},"modified":"2019-04-24T15:22:22","modified_gmt":"2019-04-24T15:22:22","slug":"municipio-constituyo-oficialmente-la-fundacion-de-deportes-de-punta-arenas","status":"publish","type":"post","link":"https:\/\/www.radiopresidenteibanez.cl\/web\/municipio-constituyo-oficialmente-la-fundacion-de-deportes-de-punta-arenas\/","title":{"rendered":"MUNICIPIO CONSTITUY\u00d3 OFICIALMENTE LA FUNDACI\u00d3N DE DEPORTES DE PUNTA ARENAS"},"content":{"rendered":"\n<p>se constituy\u00f3 oficialmente la Fundaci\u00f3n de Deportes de Punta\nArenas, instancia compuesta por un directorio, presidido por el alcalde,\nClaudio Radonich, e integrado adem\u00e1s por reconocidas figuras del deporte en\nMagallanes.<\/p>\n\n\n\n<p>Como vicepresidente, se nombr\u00f3 al empresario, jugador y\ndirigente de B\u00e1squetbol, Ricardo Mattioni C\u00e1rdenas; la tesorera ser\u00e1 la\nprofesora de Educaci\u00f3n F\u00edsica, corredora y entrenadora de Esqu\u00ed, adem\u00e1s de\nmaratonista, Silvana Camelio Thomsen.<\/p>\n\n\n\n<p>En el cargo de secretario, fue nombrado Herminio Bernales Tsuchiya,\nquien se destacara en su trayectoria como profesor de Educaci\u00f3n F\u00edsica, atleta\ny entrenador de Atletismo, alpinista e instructor de Monta\u00f1ismo.<\/p>\n\n\n\n<p>Finalmente, como pro secretario, estar\u00e1 el presidente del\nClub Deportivo Sokol, Jorge Guic Sesnic, ingeniero mec\u00e1nico que adem\u00e1s se ha\ndestacado como jugador de B\u00e1squetbol y piloto de Automovilismo. <\/p>\n\n\n\n<p>\u201cMuy contento y muy agradecido que tengamos este directorio\nconformado por personas muy importantes para el deporte regional. No solamente\ncomo deportistas o ex deportistas, sino tambi\u00e9n como dirigentes, personas\nvinculadas tambi\u00e9n con la parte formativa. Y dentro de ello, uno de los dos\ngrandes objetivos, es poder generar la promoci\u00f3n del deporte en nuestra\ncomunidad\u201d, indic\u00f3 el alcalde de Punta Arenas, Claudio Radonich, agregando que\nadem\u00e1s, se buscar\u00e1 que la comuna vuelva a ser una cuna de deportistas.<\/p>\n\n\n\n<p>La Fundaci\u00f3n tendr\u00e1 por objetivo ser un instrumento de\ngesti\u00f3n que permita flexibilizar el uso de los recursos y buscar una\nvinculaci\u00f3n m\u00e1s sencilla con la empresa privada. \u201cEsto no es solamente una pega\nde la Municipalidad o del Estado. Tambi\u00e9n los privados tienen que entender que\nel deporte es una inversi\u00f3n, que la promoci\u00f3n de la vida sana es una\nresponsabilidad social, y por eso es que con este instrumento queremos que los\nrecursos que la Municipalidad tiene se puedan ver multiplicados en n\u00famero de\npersonas beneficiadas con distintas acciones deportivas\u201d, precis\u00f3 el jefe\ncomunal.<\/p>\n\n\n\n<p>Por su parte, el vicepresidente de la Fundaci\u00f3n, Ricardo\nMattioni, indic\u00f3 que: \u201cme gusta que hayan tenido confianza y espero, de alguna\nmanera, de los a\u00f1os que llevo haciendo deporte y que a\u00fan contin\u00fao,\naprovecharlos y ayudar en todo lo posible al alcalde y a todos los chicos que\nest\u00e1n a cargo de esto y a la Municipalidad, porque creo que la juventud es la\nque m\u00e1s necesita tener deporte\u201d. <\/p>\n\n\n\n<p>Los miembros del directorio fueron elegidos en conjunto entre el alcalde y los concejales de la comuna.<\/p>\n\n\n\n<figure class=\"wp-block-image\"><img loading=\"lazy\" decoding=\"async\" width=\"900\" height=\"582\" src=\"https:\/\/www.radiopresidenteibanez.cl\/web\/wp-content\/uploads\/2019\/04\/DSC_7988.jpg\" alt=\"\" class=\"wp-image-3655\" srcset=\"https:\/\/www.radiopresidenteibanez.cl\/web\/wp-content\/uploads\/2019\/04\/DSC_7988.jpg 900w, https:\/\/www.radiopresidenteibanez.cl\/web\/wp-content\/uploads\/2019\/04\/DSC_7988-300x194.jpg 300w, https:\/\/www.radiopresidenteibanez.cl\/web\/wp-content\/uploads\/2019\/04\/DSC_7988-768x497.jpg 768w\" sizes=\"auto, (max-width: 900px) 100vw, 900px\" \/><\/figure>\n","protected":false},"excerpt":{"rendered":"<p>se constituy\u00f3 oficialmente la Fundaci\u00f3n de Deportes de Punta Arenas, instancia compuesta por un directorio, presidido por el alcalde, Claudio Radonich, e integrado adem\u00e1s por reconocidas figuras del deporte en&#8230; <a class=\"read-more\" href=\"https:\/\/www.radiopresidenteibanez.cl\/web\/municipio-constituyo-oficialmente-la-fundacion-de-deportes-de-punta-arenas\/\">Leer m\u00e1s<\/a><\/p>\n","protected":false},"author":2,"featured_media":3655,"comment_status":"closed","ping_status":"closed","sticky":false,"template":"","format":"standard","meta":{"footnotes":""},"categories":[1],"tags":[],"class_list":["post-3654","post","type-post","status-publish","format-standard","has-post-thumbnail","hentry","category-cronica"],"_links":{"self":[{"href":"https:\/\/www.radiopresidenteibanez.cl\/web\/wp-json\/wp\/v2\/posts\/3654","targetHints":{"allow":["GET"]}}],"collection":[{"href":"https:\/\/www.radiopresidenteibanez.cl\/web\/wp-json\/wp\/v2\/posts"}],"about":[{"href":"https:\/\/www.radiopresidenteibanez.cl\/web\/wp-json\/wp\/v2\/types\/post"}],"author":[{"embeddable":true,"href":"https:\/\/www.radiopresidenteibanez.cl\/web\/wp-json\/wp\/v2\/users\/2"}],"replies":[{"embeddable":true,"href":"https:\/\/www.radiopresidenteibanez.cl\/web\/wp-json\/wp\/v2\/comments?post=3654"}],"version-history":[{"count":0,"href":"https:\/\/www.radiopresidenteibanez.cl\/web\/wp-json\/wp\/v2\/posts\/3654\/revisions"}],"wp:featuredmedia":[{"embeddable":true,"href":"https:\/\/www.radiopresidenteibanez.cl\/web\/wp-json\/wp\/v2\/media\/3655"}],"wp:attachment":[{"href":"https:\/\/www.radiopresidenteibanez.cl\/web\/wp-json\/wp\/v2\/media?parent=3654"}],"wp:term":[{"taxonomy":"category","embeddable":true,"href":"https:\/\/www.radiopresidenteibanez.cl\/web\/wp-json\/wp\/v2\/categories?post=3654"},{"taxonomy":"post_tag","embeddable":true,"href":"https:\/\/www.radiopresidenteibanez.cl\/web\/wp-json\/wp\/v2\/tags?post=3654"}],"curies":[{"name":"wp","href":"https:\/\/api.w.org\/{rel}","templated":true}]}}