{"id":3651,"date":"2019-04-24T15:05:50","date_gmt":"2019-04-24T15:05:50","guid":{"rendered":"http:\/\/www.radiopresidenteibanez.cl\/web\/?p=3651"},"modified":"2019-04-24T15:06:20","modified_gmt":"2019-04-24T15:06:20","slug":"educadores-fortalecieron-sus-competencias-para-prevenir-el-consumo-de-drogas-en-colegios-y-liceos","status":"publish","type":"post","link":"https:\/\/www.radiopresidenteibanez.cl\/web\/educadores-fortalecieron-sus-competencias-para-prevenir-el-consumo-de-drogas-en-colegios-y-liceos\/","title":{"rendered":"EDUCADORES FORTALECIERON SUS COMPETENCIAS PARA PREVENIR EL CONSUMO DE DROGAS EN COLEGIOS Y LICEOS"},"content":{"rendered":"\n<p>Un centenar de educadores\/as se\nreunieron en la cita convocada por el Servicio Nacional para la Prevenci\u00f3n y\nRehabilitaci\u00f3n del Consumo de Drogas, Senda y la Secretar\u00eda Regional de\nEducaci\u00f3n, con el fin de recibir orientaciones con relaci\u00f3n a los materiales de\nprevenci\u00f3n entregados a los establecimientos educacionales.<\/p>\n\n\n\n<p>El encuentro se realiz\u00f3 en el Sal\u00f3n\nGabriela Mistral de la SECREDUC, y en la oportunidad, encargados y encargadas\nde convivencia, orientadores y orientadoras y duplas psicosociales de colegios\ny liceos recibieron capacitaci\u00f3n para la implementaci\u00f3n del programa de\nprevenci\u00f3n del consumo de alcohol y otras drogas en las comunidades educativas.<\/p>\n\n\n\n<p>Para estos fines, explic\u00f3 la encargada\nde prevenci\u00f3n de Senda, Diana Contreras: <em>\u201cSe\ncuenta con el Continuo Preventivo Escolar, que contiene materiales de\nprevenci\u00f3n del consumo de alcohol y otras drogas <strong>para todo el ciclo escolar, que SENDA pone a\ndisposici\u00f3n de la comunidad educativa de manera gratuita desde el nivel\nparvulario hasta 4\u00b0 Medio\u201d.<\/strong><\/em><\/p>\n\n\n\n<p>Para lo anterior, el\nGobierno de Chile a trav\u00e9s de la entidad ha puesto a disposici\u00f3n de las\ncomunidades educativas de manera gratuita, materiales de apoyo, con lo que\nbusca anticiparse a un problema que\nest\u00e1 presente en la mayor\u00eda de los contextos sociales, incluido el escolar.<\/p>\n\n\n\n<p>La\ndirectora regional de Senda, Lorena Guala Vivar, destac\u00f3 que <em>\u201cestos materiales de trabajo que se entregan\na los colegios y liceos buscan contribuir a mejorar la calidad de vida de los y\nlas escolares y sus entornos m\u00e1s cercanos, promoviendo el bienestar a trav\u00e9s de\nacciones de prevenci\u00f3n para fortalecer factores protectores y disminuir los de\nriesgo\u201d.<\/em><\/p>\n\n\n\n<p>De la\nmisma forma resalt\u00f3 el trabajo m\u00e1s cercano que se establece con algunos\ncolegios y Liceos que han sido priorizados por algunas caracter\u00edsticas, pero\ntambi\u00e9n por la apertura de sus equipos directivos para abordar esta tem\u00e1tica.<\/p>\n\n\n\n<p>En este\nsentido, Guala manifest\u00f3 que <em>\u201cexisten establecimientos\nque en Puerto Natales, Punta Arenas y Porvenir donde se les apoya para la\nrealizaci\u00f3n de un diagn\u00f3stico y para luego establecer planes de trabajo de dan\nrespuesta a las necesidades arrojadas\u201d.<\/em><\/p>\n\n\n\n<p>De la\nmisma forma existe un sistema integral de prevenci\u00f3n, donde Senda y su programa\nSenda Previene pone a disposici\u00f3n del Liceo una dupla psicosocial para apoyar\nla labor del establecimiento en niveles m\u00e1s complejos, donde el trabajo\nestablece estrategias grupales e individuales de intervenci\u00f3n, todo siempre\nligado no s\u00f3lo al estudiante, sino que a su familia y a la comunidad escolar en\ngeneral.<\/p>\n\n\n\n<p>Todo este trabajo se ver\u00e1 fortalecido\ny complementado con la implementaci\u00f3n de el Plan \u201cElige Vivir sin Drogas\u201d, que\nel gobierno de Chile, con el presidente\nSebasti\u00e1n Pi\u00f1era a la cabeza, ha instalado para prevenir el consumo de drogas\nen ni\u00f1os, ni\u00f1as y adolescentes, sobre la base de un diagn\u00f3stico preciso de cada\ncomunidad escolar, y posterior a ello el dise\u00f1o de una estrategia especial y a\nla medida de las necesidades y problem\u00e1ticas plateadas por cada una de esas\ncomunidades escolares. <\/p>\n\n\n\n<p>Este\nplan se basa en cuatro pilares:<\/p>\n\n\n\n<p><strong>1.-<\/strong> En las familias, entreg\u00e1ndoles\nherramientas e instrumentos eficaces para cuidar y proteger mejor a la\ninfancia.<\/p>\n\n\n\n<p><strong>2.-<\/strong> En la escuela, a trav\u00e9s de\nprogramas preventivos que involucrar\u00e1n a estudiantes, padres, madres y docentes,\ncuya participaci\u00f3n y compromiso es fundamental.<\/p>\n\n\n\n<p><strong>3.-<\/strong> Mejor oferta p\u00fablica y de la\nsociedad civil para que ni\u00f1os, ni\u00f1as y adolescentes tengan m\u00e1s y mejores\noportunidades deportivas, culturales, recreativas y comunitarias a las cuales\npoder dedicar su tiempo libre, y<\/p>\n\n\n\n<p><strong>4.-<\/strong> Potenciando los liderazgos sanos\ny positivos de familiares, de grupos de pares de la escuela, de amistades o de\nquien pueda cumplir esa labor. <\/p>\n\n\n\n<p>La Encuesta Nacional en Poblaci\u00f3n Escolar (ENPE)\n2017 elaborada por Senda, muestra informaci\u00f3n alarmante respecto al consumo de\ndrogas entre los adolescentes. <\/p>\n\n\n\n<p>En Magallanes el estudio muestra que el <strong>33,7%<\/strong> <strong>de los j\u00f3venes entre 8\u00b0 y IV\u00b0 medio<\/strong>, <strong>declaran haber consumido marihuana<\/strong> en\nel \u00faltimo a\u00f1o.&nbsp; Si bien hay una\ndisminuci\u00f3n respecto del estudio anterior (37,2% en 2015) siguen siendo cifras\npreocupantes<strong>. \u201cNing\u00fan padre celebra\ncuando a su hijo le baja la fiebre de 41\u00b0 a 40\u00b0\u201d.<\/strong><\/p>\n\n\n\n<p>En cuanto a la <strong>percepci\u00f3n de riesgo<\/strong>, resulta\npreocupante que solo el <strong>19%<\/strong> <strong>de los j\u00f3venes de la Regi\u00f3n de Magallanes\nconsidera que usar marihuana frecuentemente es riesgoso.<\/strong><\/p>\n\n\n\n<p>Finalmente, sobre el <strong>consumo de alcohol<\/strong> el estudio muestra que un <strong>29,4%<\/strong> de los j\u00f3venes declara haber bebido en el \u00faltimo mes y de ellos, un <strong>54,6% declara haberse embriagado<\/strong> (haber bebido 5 o m\u00e1s tragos en una sola ocasi\u00f3n).<\/p>\n\n\n\n<figure class=\"wp-block-image\"><img loading=\"lazy\" decoding=\"async\" width=\"900\" height=\"675\" src=\"https:\/\/www.radiopresidenteibanez.cl\/web\/wp-content\/uploads\/2019\/04\/2-3.jpg\" alt=\"\" class=\"wp-image-3652\" srcset=\"https:\/\/www.radiopresidenteibanez.cl\/web\/wp-content\/uploads\/2019\/04\/2-3.jpg 900w, https:\/\/www.radiopresidenteibanez.cl\/web\/wp-content\/uploads\/2019\/04\/2-3-300x225.jpg 300w, https:\/\/www.radiopresidenteibanez.cl\/web\/wp-content\/uploads\/2019\/04\/2-3-768x576.jpg 768w\" sizes=\"auto, (max-width: 900px) 100vw, 900px\" \/><\/figure>\n","protected":false},"excerpt":{"rendered":"<p>Un centenar de educadores\/as se reunieron en la cita convocada por el Servicio Nacional para la Prevenci\u00f3n y Rehabilitaci\u00f3n del Consumo de Drogas, Senda y la Secretar\u00eda Regional de Educaci\u00f3n,&#8230; <a class=\"read-more\" href=\"https:\/\/www.radiopresidenteibanez.cl\/web\/educadores-fortalecieron-sus-competencias-para-prevenir-el-consumo-de-drogas-en-colegios-y-liceos\/\">Leer m\u00e1s<\/a><\/p>\n","protected":false},"author":2,"featured_media":3652,"comment_status":"closed","ping_status":"closed","sticky":false,"template":"","format":"standard","meta":{"footnotes":""},"categories":[1],"tags":[],"class_list":["post-3651","post","type-post","status-publish","format-standard","has-post-thumbnail","hentry","category-cronica"],"_links":{"self":[{"href":"https:\/\/www.radiopresidenteibanez.cl\/web\/wp-json\/wp\/v2\/posts\/3651","targetHints":{"allow":["GET"]}}],"collection":[{"href":"https:\/\/www.radiopresidenteibanez.cl\/web\/wp-json\/wp\/v2\/posts"}],"about":[{"href":"https:\/\/www.radiopresidenteibanez.cl\/web\/wp-json\/wp\/v2\/types\/post"}],"author":[{"embeddable":true,"href":"https:\/\/www.radiopresidenteibanez.cl\/web\/wp-json\/wp\/v2\/users\/2"}],"replies":[{"embeddable":true,"href":"https:\/\/www.radiopresidenteibanez.cl\/web\/wp-json\/wp\/v2\/comments?post=3651"}],"version-history":[{"count":0,"href":"https:\/\/www.radiopresidenteibanez.cl\/web\/wp-json\/wp\/v2\/posts\/3651\/revisions"}],"wp:featuredmedia":[{"embeddable":true,"href":"https:\/\/www.radiopresidenteibanez.cl\/web\/wp-json\/wp\/v2\/media\/3652"}],"wp:attachment":[{"href":"https:\/\/www.radiopresidenteibanez.cl\/web\/wp-json\/wp\/v2\/media?parent=3651"}],"wp:term":[{"taxonomy":"category","embeddable":true,"href":"https:\/\/www.radiopresidenteibanez.cl\/web\/wp-json\/wp\/v2\/categories?post=3651"},{"taxonomy":"post_tag","embeddable":true,"href":"https:\/\/www.radiopresidenteibanez.cl\/web\/wp-json\/wp\/v2\/tags?post=3651"}],"curies":[{"name":"wp","href":"https:\/\/api.w.org\/{rel}","templated":true}]}}