{"id":365,"date":"2019-01-10T14:46:27","date_gmt":"2019-01-10T14:46:27","guid":{"rendered":"http:\/\/www.radiopresidenteibanez.cl\/web\/?p=365"},"modified":"2019-01-10T14:46:59","modified_gmt":"2019-01-10T14:46:59","slug":"hortalizas-sanas-y-frescas-llegan-a-la-universidad-de-magallanes","status":"publish","type":"post","link":"https:\/\/www.radiopresidenteibanez.cl\/web\/hortalizas-sanas-y-frescas-llegan-a-la-universidad-de-magallanes\/","title":{"rendered":"HORTALIZAS SANAS Y FRESCAS LLEGAN A LA UNIVERSIDAD DE MAGALLANES"},"content":{"rendered":"\n<p>Lechuga regional, huevos, ciboulette, rabanitos, ruibarbo, y plantas ornamentales,&nbsp;entre otros productos regionales, son parte de la oferta de verduras frescas y saludables que estar\u00e1n a la venta&nbsp;en&nbsp;la Facultad de Ingenier\u00eda de la UMAG.<\/p>\n\n\n\n<p>La actividad programada para el viernes 11 de enero es una oportunidad para que los magall\u00e1nicos puedan acceder a la oferta de una dieta sana, con lo mejor de los productos regionales.&nbsp;&nbsp;El horario de atenci\u00f3n es de 9 a 13 horas.<\/p>\n\n\n\n<p>\u201cEl mismo d\u00eda se cosechan los productos que van de la tierra, al lavado y de ah\u00ed directamente a la venta.&nbsp; Son productos frescos, del d\u00eda, algo que lamentablemente no siempre los magall\u00e1nicos pueden&nbsp;disfrutar.&nbsp; Invitamos a toda la comunidad a que asista y pueda preparar las verduras que se producen&nbsp;en la zona, a veces con dif\u00edciles condiciones clim\u00e1ticas, pero con mucho esfuerzo y amor\u201d, asegur\u00f3 Rosa C\u00e1rdenas, dirigente del Consejo Asesor Regional Campesino, CAR.<\/p>\n\n\n\n<p>La dirigente explic\u00f3 que es una de las alternativas para poder comercializar sus productos y responde a un plan coordinado&nbsp;entre las autoridades y dirigentes del agro que les permita comercializar sus productos.&nbsp;<\/p>\n\n\n\n<p>Por su parte, Petar Bradasic, director (s) de INDAP, agradeci\u00f3 el compromiso de las autoridades universitarias con la agricultura regional.&nbsp;&nbsp;\u201cTenemos una alianza permanente con la universidad de la regi\u00f3n.&nbsp;&nbsp;Creemos que el conocimiento y la innovaci\u00f3n son aliados fundamentales para avanzar en la agricultura regional\u201d, precis\u00f3.<\/p>\n\n\n\n<p>Tambi\u00e9n los agricultores de INDAP estar\u00e1n presentes en la Expo Magallanes, actividad que se realizar\u00e1 entre el 21 y 27 de enero.&nbsp;&nbsp;En la ocasi\u00f3n, participar\u00e1n, apoyados por INDAP, con 32 m\u00f3dulos tanto para organizaciones y usuarios individuales.<br><\/p>\n","protected":false},"excerpt":{"rendered":"<p>Lechuga regional, huevos, ciboulette, rabanitos, ruibarbo, y plantas ornamentales,&nbsp;entre otros productos regionales, son parte de la oferta de verduras frescas y saludables que estar\u00e1n a la venta&nbsp;en&nbsp;la Facultad de Ingenier\u00eda&#8230; <a class=\"read-more\" href=\"https:\/\/www.radiopresidenteibanez.cl\/web\/hortalizas-sanas-y-frescas-llegan-a-la-universidad-de-magallanes\/\">Leer m\u00e1s<\/a><\/p>\n","protected":false},"author":2,"featured_media":366,"comment_status":"closed","ping_status":"closed","sticky":false,"template":"","format":"standard","meta":{"footnotes":""},"categories":[1],"tags":[],"class_list":["post-365","post","type-post","status-publish","format-standard","has-post-thumbnail","hentry","category-cronica"],"_links":{"self":[{"href":"https:\/\/www.radiopresidenteibanez.cl\/web\/wp-json\/wp\/v2\/posts\/365","targetHints":{"allow":["GET"]}}],"collection":[{"href":"https:\/\/www.radiopresidenteibanez.cl\/web\/wp-json\/wp\/v2\/posts"}],"about":[{"href":"https:\/\/www.radiopresidenteibanez.cl\/web\/wp-json\/wp\/v2\/types\/post"}],"author":[{"embeddable":true,"href":"https:\/\/www.radiopresidenteibanez.cl\/web\/wp-json\/wp\/v2\/users\/2"}],"replies":[{"embeddable":true,"href":"https:\/\/www.radiopresidenteibanez.cl\/web\/wp-json\/wp\/v2\/comments?post=365"}],"version-history":[{"count":0,"href":"https:\/\/www.radiopresidenteibanez.cl\/web\/wp-json\/wp\/v2\/posts\/365\/revisions"}],"wp:featuredmedia":[{"embeddable":true,"href":"https:\/\/www.radiopresidenteibanez.cl\/web\/wp-json\/wp\/v2\/media\/366"}],"wp:attachment":[{"href":"https:\/\/www.radiopresidenteibanez.cl\/web\/wp-json\/wp\/v2\/media?parent=365"}],"wp:term":[{"taxonomy":"category","embeddable":true,"href":"https:\/\/www.radiopresidenteibanez.cl\/web\/wp-json\/wp\/v2\/categories?post=365"},{"taxonomy":"post_tag","embeddable":true,"href":"https:\/\/www.radiopresidenteibanez.cl\/web\/wp-json\/wp\/v2\/tags?post=365"}],"curies":[{"name":"wp","href":"https:\/\/api.w.org\/{rel}","templated":true}]}}