{"id":36474,"date":"2023-01-13T16:37:00","date_gmt":"2023-01-13T19:37:00","guid":{"rendered":"https:\/\/www.radiopresidenteibanez.cl\/web\/?p=36474"},"modified":"2023-01-12T23:05:58","modified_gmt":"2023-01-13T02:05:58","slug":"cerca-de-500-personas-se-capacitaron-en-2022-con-apoyo-de-enap-magallanes","status":"publish","type":"post","link":"https:\/\/www.radiopresidenteibanez.cl\/web\/cerca-de-500-personas-se-capacitaron-en-2022-con-apoyo-de-enap-magallanes\/","title":{"rendered":"CERCA DE 500 PERSONAS SE CAPACITARON EN 2022 CON APOYO DE ENAP MAGALLANES"},"content":{"rendered":"\n<p>Buscando fortalecer su v\u00ednculo con la comunidad magall\u00e1nica,<br>durante 2022 ENAP desarroll\u00f3 un total de 25 cursos de capacitaci\u00f3n, beneficiando a un universo de 449<br>personas.&nbsp;<br>Con una inversi\u00f3n que super\u00f3 los 200 millones de pesos, a trav\u00e9s de los excedentes de las franquicias<br>tributarias, la estatal cerr\u00f3 un exitoso per\u00edodo de cursos abiertos y gratuitos para los vecinos y vecinas de la<br>regi\u00f3n, particularmente las comunas de Punta Arenas y San Gregorio.&nbsp;&nbsp;<br>En el desglose de cifras, se destac\u00f3 la permanente entrega de herramientas a las mujeres, considerando que el<br>desempe\u00f1o laboral femenino fue el m\u00e1s golpeado durante la pandemia por covid-19.&nbsp; \u201cEstamos muy contentos<br>con los resultados y la confianza que las personas han tenido con las distintas capacitaciones que hemos<br>impartido, especialmente las mujeres, porque tras el impacto que tuvo la pandemia en la empleabilidad<br>femenina, hemos podido contribuir a su reinserci\u00f3n laboral. Con orgullo, podemos decir que varias de ellas,<br>tras capacitarse, lograron encontrar un trabajo formal y estable\u201d, expres\u00f3 Alfonso Pacheco, jefe de<br>Comunidades de ENAP Magallanes, quien se\u00f1al\u00f3 que, del total de participantes, 303 fueron mujeres, lo que<br>representa un 67%.&nbsp;<br>En Magallanes, se complet\u00f3 un total de mil 250 horas de formaci\u00f3n, entre modelo e-learning, mixto y<br>presencial. Respecto de los rubros abordados, se mencionan los cursos de cuidado de enfermos y adultos<br>mayores, operador de gr\u00faa, construcci\u00f3n y mantenci\u00f3n de aerogeneradores, primeros auxilios, entre otros.<br>Con enfoque netamente femenino, figuran los cursos de guardias de seguridad, desarrollado con Fundaci\u00f3n<br>Prodemu; y de conducci\u00f3n vehicular clase A3, impulsado con el apoyo de las secretar\u00edas regionales<br>ministeriales de Transporte y Trabajo. \u201cEste \u00faltimo curso tuvo un tremendo valor en la zona, dada la escasez de<br>conductores en el transporte p\u00fablico mayor especialmente. Con los recursos disponibles y la coordinaci\u00f3n con<br>diversos organismos, pudimos capacitar a un total de 20 mujeres en conducci\u00f3n profesional, varias de las<br>cuales ingresar\u00e1n a un proceso de contrataci\u00f3n en la empresa de transporte p\u00fablico mayor de Punta Arenas,<br>Ascendal. Y en esto hay que destacar fuertemente el compromiso y la responsabilidad que tuvieron las<br>mujeres, las cuales en un 100 por ciento terminaron la capacitaci\u00f3n. Eso nos impulsa a evaluar la posibilidad de<br>concretar otro a futuro en Punta Arenas y ver la posibilidad de llevar otros cursos de conducci\u00f3n, que, por<br>log\u00edstica, puedan realizarse en otras comunas de la regi\u00f3n que tambi\u00e9n lo requieran\u201d, expres\u00f3 Pacheco.&nbsp;<br>Estos resultados obtenidos en Magallanes tambi\u00e9n fueron destacados a nivel nacional por el director de<br>Comunidades de ENAP, Manuel Hadjiconstantis, quien valor\u00f3 el compromiso de las mujeres en la regi\u00f3n<br>austral. \u201cEste resultado nos tiene contentos, puesto que uno de nuestros objetivos tambi\u00e9n ha sido contribuir<br>en no replicar los sesgos de que ciertos cursos son para hombres y otros para mujeres; la idea es que solo la<br>motivaci\u00f3n y ambici\u00f3n personal sea lo que determine lo que alguien quiera aprender\u201d, afirm\u00f3.<\/p>\n","protected":false},"excerpt":{"rendered":"<p>Buscando fortalecer su v\u00ednculo con la comunidad magall\u00e1nica,durante 2022 ENAP desarroll\u00f3 un total de 25 cursos de capacitaci\u00f3n, beneficiando a un universo de 449personas.&nbsp;Con una inversi\u00f3n que super\u00f3 los 200&#8230; <a class=\"read-more\" href=\"https:\/\/www.radiopresidenteibanez.cl\/web\/cerca-de-500-personas-se-capacitaron-en-2022-con-apoyo-de-enap-magallanes\/\">Leer m\u00e1s<\/a><\/p>\n","protected":false},"author":2,"featured_media":36475,"comment_status":"closed","ping_status":"closed","sticky":false,"template":"","format":"standard","meta":{"footnotes":""},"categories":[1],"tags":[],"class_list":["post-36474","post","type-post","status-publish","format-standard","has-post-thumbnail","hentry","category-cronica"],"_links":{"self":[{"href":"https:\/\/www.radiopresidenteibanez.cl\/web\/wp-json\/wp\/v2\/posts\/36474","targetHints":{"allow":["GET"]}}],"collection":[{"href":"https:\/\/www.radiopresidenteibanez.cl\/web\/wp-json\/wp\/v2\/posts"}],"about":[{"href":"https:\/\/www.radiopresidenteibanez.cl\/web\/wp-json\/wp\/v2\/types\/post"}],"author":[{"embeddable":true,"href":"https:\/\/www.radiopresidenteibanez.cl\/web\/wp-json\/wp\/v2\/users\/2"}],"replies":[{"embeddable":true,"href":"https:\/\/www.radiopresidenteibanez.cl\/web\/wp-json\/wp\/v2\/comments?post=36474"}],"version-history":[{"count":0,"href":"https:\/\/www.radiopresidenteibanez.cl\/web\/wp-json\/wp\/v2\/posts\/36474\/revisions"}],"wp:featuredmedia":[{"embeddable":true,"href":"https:\/\/www.radiopresidenteibanez.cl\/web\/wp-json\/wp\/v2\/media\/36475"}],"wp:attachment":[{"href":"https:\/\/www.radiopresidenteibanez.cl\/web\/wp-json\/wp\/v2\/media?parent=36474"}],"wp:term":[{"taxonomy":"category","embeddable":true,"href":"https:\/\/www.radiopresidenteibanez.cl\/web\/wp-json\/wp\/v2\/categories?post=36474"},{"taxonomy":"post_tag","embeddable":true,"href":"https:\/\/www.radiopresidenteibanez.cl\/web\/wp-json\/wp\/v2\/tags?post=36474"}],"curies":[{"name":"wp","href":"https:\/\/api.w.org\/{rel}","templated":true}]}}