{"id":36471,"date":"2023-01-13T15:23:00","date_gmt":"2023-01-13T18:23:00","guid":{"rendered":"https:\/\/www.radiopresidenteibanez.cl\/web\/?p=36471"},"modified":"2023-01-12T23:03:07","modified_gmt":"2023-01-13T02:03:07","slug":"comienzan-a-disenarse-las-estrategias-energeticas-locales-de-siete-comunas-de-magallanes","status":"publish","type":"post","link":"https:\/\/www.radiopresidenteibanez.cl\/web\/comienzan-a-disenarse-las-estrategias-energeticas-locales-de-siete-comunas-de-magallanes\/","title":{"rendered":"<strong>Comienzan a dise\u00f1arse las Estrategias Energ\u00e9ticas Locales de siete comunas de Magallanes \u00a0<\/strong>"},"content":{"rendered":"\n<p>En el CADI-UMAG, la Asociaci\u00f3n de Municipalidades de Magallanes, AMUMAG, realiz\u00f3 la presentaci\u00f3n de la Consultora&nbsp;UTP EBP-EGEA,&nbsp;que se adjudic\u00f3 el dise\u00f1o de las Estrategias Energ\u00e9ticas Locales (EEL) para siete comunas de Magallanes (Torres del Paine, R\u00edo Verde, Laguna Blanca, San Gregorio, Porvenir, Primavera y Timaukel).<\/p>\n\n\n\n<p>La actividad estuvo encabezada por el presidente (s) de la AMUMAG y alcalde de Cabo de Hornos, Patricio Fern\u00e1ndez; la Seremi de Energ\u00eda de Magallanes, Mar\u00eda Luisa Ojeda, y la Jefa Regional de la Subdere, Daniella Panicucci, junto a alcaldes de las comunas beneficiadas.<\/p>\n\n\n\n<p><strong>PLANIFICACI\u00d3N ENERG\u00c9TICA COMUNAL<\/strong><\/p>\n\n\n\n<p>En la oportunidad la autoridad regional de Energ\u00eda, destac\u00f3 el hito&nbsp;que, al finalizar en el plazo de un a\u00f1o, convertir\u00e1 a la regi\u00f3n en la primera del pa\u00eds donde todas sus comunas tendr\u00e1n este instrumento de planificaci\u00f3n energ\u00e9tica elaborado para su implementaci\u00f3n y uso. Adem\u00e1s, esto se da en el contexto de la llegada de la industria del hidr\u00f3geno verde a la regi\u00f3n, donde las EEL ser\u00e1n de alta importancia para el desarrollo comunal, descentralizado y participativo de sus territorios y comunidades\u201d.&nbsp;&nbsp;&nbsp;&nbsp;<\/p>\n\n\n\n<p>En este sentido, la Seremi Mar\u00eda Luisa Ojeda sostuvo que el instrumento est\u00e1 alineado con el nuevo modelo de desarrollo productivo sostenible que impulsa el Gobierno del Presidente Gabriel Boric.<\/p>\n\n\n\n<p>\u201cCabe recordar, que&nbsp;cinco de las siete comunas -San Gregorio, Laguna Blanca, R\u00edo Verde, Porvenir y Primavera-&nbsp;albergar\u00edan proyectos de hidr\u00f3geno verde y\/o sus derivados, por lo que el instrumento ser\u00e1 clave para la organizaci\u00f3n energ\u00e9tica de las comunas beneficiadas y sus habitantes\u201d, remarc\u00f3 la Seremi de Energ\u00eda.<\/p>\n\n\n\n<p>Por su parte, el presidente (s) de la AMUMAG y alcalde de Cabo de Hornos, Patricio Fern\u00e1ndez puso de relieve \u201cel trabajo asociativo realizado entre la AMUMAG, la Seremi de Energ\u00eda y la Subdere, para desarrollar esta hoja de ruta en materia energ\u00e9tica para cada una de estas siete comunas. Esto se hace m\u00e1s importante en el contexto actual donde estamos viendo la llegada de la industria del hidr\u00f3geno verde, lo cual vendr\u00e1 a diversificar decisivamente la matriz energ\u00e9tica regional, por lo tanto, estos instrumentos son una pieza clave para potenciar el desarrollo y crecimiento de cada comuna\u201d, subray\u00f3. &nbsp;<strong><em><\/em><\/strong><\/p>\n\n\n\n<p>En tanto, la Jefa Regional de la Subdere de Magallanes, Daniella Panicucci, se mostr\u00f3 satisfecha con el apoyo financiero dado por su instituci\u00f3n y por los frutos que, de esta iniciativa, se esperan lograr.<\/p>\n\n\n\n<p>\u201cEl 2022 logramos levantar el financiamiento de 58 millones de pesos para financiar el dise\u00f1o de las Estrategias Energ\u00e9ticas Locales para siete comunas de nuestra regi\u00f3n. Hoy estamos viendo el resultado de ese esfuerzo conjunto que busca, en definitiva, mejorar la calidad de vida de las personas y familias que habitan en esos territorios\u201d. &nbsp;&nbsp;&nbsp;&nbsp;&nbsp;<\/p>\n\n\n\n<p>Para Rosa Riquelme, Directora Ejecutiva de la Agencia de Sostenibilidad Energ\u00e9tica (AgenciaSE), disponga del&nbsp;Programa Comuna Energ\u00e9tica, gracias al cual se apoya a los municipios a elaborar sus Estrategias Energ\u00e9ticas Locales con diagn\u00f3sticos territoriales, visiones energ\u00e9ticas comunales, planes de acci\u00f3n y proyectos concretos ideados desde la comunidad, en tem\u00e1ticas relacionadas con: eficiencia energ\u00e9tica en la infraestructura; generaci\u00f3n local a partir de energ\u00edas renovables; planificaci\u00f3n territorial; organizaci\u00f3n y finanzas municipales; sensibilizaci\u00f3n, cooperaci\u00f3n y educaci\u00f3n; movilidad sostenible y, que a su vez,&nbsp;aporten a las metas de carbono neutralidad que tiene Chile\u201d, detall\u00f3.<\/p>\n\n\n\n<p>A nivel nacional 104 comunas son parte del programa, de las cuales 62 de ellas ya han publicado su estrategia energ\u00e9tica local, las que se pueden conocer m\u00e1s en&nbsp;<a href=\"https:\/\/www.comunaenergetica.cl\/\" target=\"_blank\" rel=\"noreferrer noopener\">https:\/\/www.comunaenergetica.cl\/<\/a>.<\/p>\n\n\n\n<p>Los dise\u00f1os deber\u00edan terminarse en el plazo de un a\u00f1o. A partir de ah\u00ed, la regi\u00f3n pasar\u00eda a ser la primera del pa\u00eds donde todas sus comunas contar\u00e1n con su respectiva Estrategia Energ\u00e9tica Local.<\/p>\n","protected":false},"excerpt":{"rendered":"<p>En el CADI-UMAG, la Asociaci\u00f3n de Municipalidades de Magallanes, AMUMAG, realiz\u00f3 la presentaci\u00f3n de la Consultora&nbsp;UTP EBP-EGEA,&nbsp;que se adjudic\u00f3 el dise\u00f1o de las Estrategias Energ\u00e9ticas Locales (EEL) para siete comunas&#8230; <a class=\"read-more\" href=\"https:\/\/www.radiopresidenteibanez.cl\/web\/comienzan-a-disenarse-las-estrategias-energeticas-locales-de-siete-comunas-de-magallanes\/\">Leer m\u00e1s<\/a><\/p>\n","protected":false},"author":2,"featured_media":36472,"comment_status":"closed","ping_status":"closed","sticky":false,"template":"","format":"standard","meta":{"footnotes":""},"categories":[1],"tags":[],"class_list":["post-36471","post","type-post","status-publish","format-standard","has-post-thumbnail","hentry","category-cronica"],"_links":{"self":[{"href":"https:\/\/www.radiopresidenteibanez.cl\/web\/wp-json\/wp\/v2\/posts\/36471","targetHints":{"allow":["GET"]}}],"collection":[{"href":"https:\/\/www.radiopresidenteibanez.cl\/web\/wp-json\/wp\/v2\/posts"}],"about":[{"href":"https:\/\/www.radiopresidenteibanez.cl\/web\/wp-json\/wp\/v2\/types\/post"}],"author":[{"embeddable":true,"href":"https:\/\/www.radiopresidenteibanez.cl\/web\/wp-json\/wp\/v2\/users\/2"}],"replies":[{"embeddable":true,"href":"https:\/\/www.radiopresidenteibanez.cl\/web\/wp-json\/wp\/v2\/comments?post=36471"}],"version-history":[{"count":0,"href":"https:\/\/www.radiopresidenteibanez.cl\/web\/wp-json\/wp\/v2\/posts\/36471\/revisions"}],"wp:featuredmedia":[{"embeddable":true,"href":"https:\/\/www.radiopresidenteibanez.cl\/web\/wp-json\/wp\/v2\/media\/36472"}],"wp:attachment":[{"href":"https:\/\/www.radiopresidenteibanez.cl\/web\/wp-json\/wp\/v2\/media?parent=36471"}],"wp:term":[{"taxonomy":"category","embeddable":true,"href":"https:\/\/www.radiopresidenteibanez.cl\/web\/wp-json\/wp\/v2\/categories?post=36471"},{"taxonomy":"post_tag","embeddable":true,"href":"https:\/\/www.radiopresidenteibanez.cl\/web\/wp-json\/wp\/v2\/tags?post=36471"}],"curies":[{"name":"wp","href":"https:\/\/api.w.org\/{rel}","templated":true}]}}