{"id":3647,"date":"2019-04-24T00:28:15","date_gmt":"2019-04-24T00:28:15","guid":{"rendered":"http:\/\/www.radiopresidenteibanez.cl\/web\/?p=3647"},"modified":"2019-04-24T00:29:01","modified_gmt":"2019-04-24T00:29:01","slug":"hombre-se-encuentra-en-estado-grave-debido-a-disparo-de-perdigon","status":"publish","type":"post","link":"https:\/\/www.radiopresidenteibanez.cl\/web\/hombre-se-encuentra-en-estado-grave-debido-a-disparo-de-perdigon\/","title":{"rendered":"HOMBRE SE ENCUENTRA EN ESTADO GRAVE DEBIDO A DISPARO DE PERDIG\u00d3N"},"content":{"rendered":"\n<p>En horas de esta tarde, hasta el sector de Laredo, debi\u00f3 concurrir personal de la Polic\u00eda de Investigaciones, lo anterior debido a una denuncia por parte de la Capitan\u00eda de Puerto de Punta Arenas quienes fueron alertados que hab\u00eda una persona herida.<\/p>\n\n\n\n<p>Al llegar al lugar se pudieron percatar que, un hombre de unos 50 a\u00f1os manten\u00eda un impacto de perdig\u00f3n en el abdomen, por lo que debi\u00f3 ser trasladado de urgencia por el Samu hasta el Hospital Cl\u00ednico.<\/p>\n\n\n\n<p>Hasta el momento no hay personas detenidas por el hecho.<\/p>\n\n\n\n<figure class=\"wp-block-image\"><img loading=\"lazy\" decoding=\"async\" width=\"1024\" height=\"768\" src=\"https:\/\/www.radiopresidenteibanez.cl\/web\/wp-content\/uploads\/2019\/04\/WhatsApp-Image-2019-04-23-at-19.28.22-1024x768.jpeg\" alt=\"\" class=\"wp-image-3648\" srcset=\"https:\/\/www.radiopresidenteibanez.cl\/web\/wp-content\/uploads\/2019\/04\/WhatsApp-Image-2019-04-23-at-19.28.22-1024x768.jpeg 1024w, https:\/\/www.radiopresidenteibanez.cl\/web\/wp-content\/uploads\/2019\/04\/WhatsApp-Image-2019-04-23-at-19.28.22-300x225.jpeg 300w, https:\/\/www.radiopresidenteibanez.cl\/web\/wp-content\/uploads\/2019\/04\/WhatsApp-Image-2019-04-23-at-19.28.22-768x576.jpeg 768w, https:\/\/www.radiopresidenteibanez.cl\/web\/wp-content\/uploads\/2019\/04\/WhatsApp-Image-2019-04-23-at-19.28.22.jpeg 1280w\" sizes=\"auto, (max-width: 1024px) 100vw, 1024px\" \/><\/figure>\n","protected":false},"excerpt":{"rendered":"<p>En horas de esta tarde, hasta el sector de Laredo, debi\u00f3 concurrir personal de la Polic\u00eda de Investigaciones, lo anterior debido a una denuncia por parte de la Capitan\u00eda de&#8230; <a class=\"read-more\" href=\"https:\/\/www.radiopresidenteibanez.cl\/web\/hombre-se-encuentra-en-estado-grave-debido-a-disparo-de-perdigon\/\">Leer m\u00e1s<\/a><\/p>\n","protected":false},"author":2,"featured_media":3648,"comment_status":"closed","ping_status":"closed","sticky":false,"template":"","format":"standard","meta":{"footnotes":""},"categories":[6],"tags":[],"class_list":["post-3647","post","type-post","status-publish","format-standard","has-post-thumbnail","hentry","category-policial"],"_links":{"self":[{"href":"https:\/\/www.radiopresidenteibanez.cl\/web\/wp-json\/wp\/v2\/posts\/3647","targetHints":{"allow":["GET"]}}],"collection":[{"href":"https:\/\/www.radiopresidenteibanez.cl\/web\/wp-json\/wp\/v2\/posts"}],"about":[{"href":"https:\/\/www.radiopresidenteibanez.cl\/web\/wp-json\/wp\/v2\/types\/post"}],"author":[{"embeddable":true,"href":"https:\/\/www.radiopresidenteibanez.cl\/web\/wp-json\/wp\/v2\/users\/2"}],"replies":[{"embeddable":true,"href":"https:\/\/www.radiopresidenteibanez.cl\/web\/wp-json\/wp\/v2\/comments?post=3647"}],"version-history":[{"count":0,"href":"https:\/\/www.radiopresidenteibanez.cl\/web\/wp-json\/wp\/v2\/posts\/3647\/revisions"}],"wp:featuredmedia":[{"embeddable":true,"href":"https:\/\/www.radiopresidenteibanez.cl\/web\/wp-json\/wp\/v2\/media\/3648"}],"wp:attachment":[{"href":"https:\/\/www.radiopresidenteibanez.cl\/web\/wp-json\/wp\/v2\/media?parent=3647"}],"wp:term":[{"taxonomy":"category","embeddable":true,"href":"https:\/\/www.radiopresidenteibanez.cl\/web\/wp-json\/wp\/v2\/categories?post=3647"},{"taxonomy":"post_tag","embeddable":true,"href":"https:\/\/www.radiopresidenteibanez.cl\/web\/wp-json\/wp\/v2\/tags?post=3647"}],"curies":[{"name":"wp","href":"https:\/\/api.w.org\/{rel}","templated":true}]}}