{"id":36453,"date":"2023-01-13T08:50:00","date_gmt":"2023-01-13T11:50:00","guid":{"rendered":"https:\/\/www.radiopresidenteibanez.cl\/web\/?p=36453"},"modified":"2023-01-12T22:37:59","modified_gmt":"2023-01-13T01:37:59","slug":"220-familias-de-punta-arenas-son-beneficiadas-con-subsidios-del-minvu-para-la-construccion-de-los-edificios-tierra-austral-4-y-5","status":"publish","type":"post","link":"https:\/\/www.radiopresidenteibanez.cl\/web\/220-familias-de-punta-arenas-son-beneficiadas-con-subsidios-del-minvu-para-la-construccion-de-los-edificios-tierra-austral-4-y-5\/","title":{"rendered":"220 familias de Punta Arenas son beneficiadas con subsidios del Minvu para la construcci\u00f3n de los edificios Tierra Austral 4 y 5"},"content":{"rendered":"\n<p>Los proyectos de edificios Tierra Austral 4 y Tierra Austral 5 fueron seleccionados por el Ministerio de Vivienda y Urbanismo para el otorgamiento de 220 subsidios del Fondo Solidario de Elecci\u00f3n de Vivienda, a igual n\u00famero de familias de Punta Arenas.La directora regional de Serviu, Maria Luz Gajardo Salazar, destac\u00f3 que \u201cen la \u00faltima selecci\u00f3n de proyectos colectivos para ser construidos en terrenos nuevos, que hizo el Ministerio el 2022, la Regi\u00f3n fue beneficiada con el financiamiento de dos proyectos habitacionales para Punta Arenas. Felicitamos a estas 220 familias por haber obtenido este beneficio que les brindar\u00e1 una soluci\u00f3n habitacional definitiva. En las pr\u00f3ximas semanas materializaremos la entrega de los documentos de subsidios a las familias beneficiadas y luego su entidad patrocinante trabajar\u00e1 en los temas administrativos para la obtenci\u00f3n del permiso de edificaci\u00f3n de la DOM y puedan iniciar las obras de construcci\u00f3n\u201d.&nbsp;Los edificios Tierra Austral 4 cuentan con 80 departamentos y Tierra Austral 5 con 140 departamentos. En ambos casos, los departamentos son de 61 metros cuadrados, distribuidos en estar comedor, tres dormitorios, ba\u00f1o, cocina y logia. Todos con ventanas termopanel y calefacci\u00f3n central. Los edificios contar\u00e1n con revestimiento exterior en sistema EIFS y la cubierta de membrana asf\u00e1ltica. Cada conjunto contar\u00e1 con \u00e1reas verdes, zona de juegos infantiles. En los edificios Tierra Austral 5 se construir\u00e1n 3 departamentos adaptados para personas con discapacidad.&nbsp;Ambos condominios concluyen con el conjunto de edificios Tierra Austral construidos en la prolongaci\u00f3n de calle Pedro Aguirre Cerda, donde Tierra Austral 1 de 120 departamentos, est\u00e1 construido y se desarrollan procesos administrativos para la obtenci\u00f3n de recepciones de Serviu y de la Direcci\u00f3n de Obras Municipales, Tierra Austral 2 presenta un 63% de avance en la construcci\u00f3n y Tierra Austral 3 un 30%, proyectando el t\u00e9rmino de estas dos construcciones para mediados de 2024.<\/p>\n","protected":false},"excerpt":{"rendered":"<p>Los proyectos de edificios Tierra Austral 4 y Tierra Austral 5 fueron seleccionados por el Ministerio de Vivienda y Urbanismo para el otorgamiento de 220 subsidios del Fondo Solidario de&#8230; <a class=\"read-more\" href=\"https:\/\/www.radiopresidenteibanez.cl\/web\/220-familias-de-punta-arenas-son-beneficiadas-con-subsidios-del-minvu-para-la-construccion-de-los-edificios-tierra-austral-4-y-5\/\">Leer m\u00e1s<\/a><\/p>\n","protected":false},"author":2,"featured_media":36454,"comment_status":"closed","ping_status":"closed","sticky":false,"template":"","format":"standard","meta":{"footnotes":""},"categories":[1],"tags":[],"class_list":["post-36453","post","type-post","status-publish","format-standard","has-post-thumbnail","hentry","category-cronica"],"_links":{"self":[{"href":"https:\/\/www.radiopresidenteibanez.cl\/web\/wp-json\/wp\/v2\/posts\/36453","targetHints":{"allow":["GET"]}}],"collection":[{"href":"https:\/\/www.radiopresidenteibanez.cl\/web\/wp-json\/wp\/v2\/posts"}],"about":[{"href":"https:\/\/www.radiopresidenteibanez.cl\/web\/wp-json\/wp\/v2\/types\/post"}],"author":[{"embeddable":true,"href":"https:\/\/www.radiopresidenteibanez.cl\/web\/wp-json\/wp\/v2\/users\/2"}],"replies":[{"embeddable":true,"href":"https:\/\/www.radiopresidenteibanez.cl\/web\/wp-json\/wp\/v2\/comments?post=36453"}],"version-history":[{"count":0,"href":"https:\/\/www.radiopresidenteibanez.cl\/web\/wp-json\/wp\/v2\/posts\/36453\/revisions"}],"wp:featuredmedia":[{"embeddable":true,"href":"https:\/\/www.radiopresidenteibanez.cl\/web\/wp-json\/wp\/v2\/media\/36454"}],"wp:attachment":[{"href":"https:\/\/www.radiopresidenteibanez.cl\/web\/wp-json\/wp\/v2\/media?parent=36453"}],"wp:term":[{"taxonomy":"category","embeddable":true,"href":"https:\/\/www.radiopresidenteibanez.cl\/web\/wp-json\/wp\/v2\/categories?post=36453"},{"taxonomy":"post_tag","embeddable":true,"href":"https:\/\/www.radiopresidenteibanez.cl\/web\/wp-json\/wp\/v2\/tags?post=36453"}],"curies":[{"name":"wp","href":"https:\/\/api.w.org\/{rel}","templated":true}]}}