{"id":36450,"date":"2023-01-12T17:52:00","date_gmt":"2023-01-12T20:52:00","guid":{"rendered":"https:\/\/www.radiopresidenteibanez.cl\/web\/?p=36450"},"modified":"2023-01-12T00:28:39","modified_gmt":"2023-01-12T03:28:39","slug":"seremi-del-trabajo-informa-extension-del-ife-laboral-y-subsidio-protege","status":"publish","type":"post","link":"https:\/\/www.radiopresidenteibanez.cl\/web\/seremi-del-trabajo-informa-extension-del-ife-laboral-y-subsidio-protege\/","title":{"rendered":"Seremi del Trabajo informa extensi\u00f3n del IFE Laboral y Subsidio Protege"},"content":{"rendered":"\n<p>Luego del anuncio hecho por el Presidente Gabriel Boric sobre las siete medidas del plan de<br>seguridad econ\u00f3mica, la Seremi del Trabajo, Doris Sandoval, dio a conocer a nivel regional la<br>extensi\u00f3n del IFE Laboral Apoya y del subsidio Protege Apoya, iniciativas que forman parte de<br>este programa y que fueron prolongadas por todo el primer semestre del 2023.<br>El objetivo de estas dos medidas, as\u00ed como de todo el plan de seguridad econ\u00f3mica, es poder<br>apoyar a las personas con nuevos aportes monetarios a fin de poder sobrellevar el alza en el<br>costo de la vida durante los primeros meses de este a\u00f1o.<br>Seg\u00fan expres\u00f3 la secretaria regional, \u201cen el marco las medidas anunciadas por nuestro<br>Presidente Gabriel Boric para la seguridad econ\u00f3mica de las familias chilenas, queremos<br>informar a la comunidad magall\u00e1nica que hemos extendido la vigencia, tanto del IFE Laboral<br>como del Subsidio Protege\u201d.<br>\u201cEstos son dos beneficios que han apoyado a un importante n\u00famero de trabajadores y<br>trabajadoras aqu\u00ed en Magallanes. En el caso del IFE Laboral, este beneficio ha llegado a m\u00e1s de<br>13 mil magall\u00e1nicos y magall\u00e1nicas. En tanto que el subsidio Protege ha apoyado a m\u00e1s de 1.600<br>personas, 99% de ellas mujeres\u201d, a\u00f1adi\u00f3 la autoridad.<br>La Seremi record\u00f3 que el compromiso por parte del gobierno es entregar apoyo, especialmente,<br>a las mujeres y a las familias que m\u00e1s lo requieren, por lo mismo, la ampliaci\u00f3n de estos<br>beneficios se suma a otras seis iniciativas que est\u00e1n siendo tramitadas, como es el incremento al<br>doble del Aporte Familiar Permanente y el aumento del Subsidio \u00danico Familiar.<br>Sobre las medidas aqu\u00ed expuestas, Sandoval record\u00f3 que, por un lado, el IFE Laboral es un<br>incentivo para que los trabajadores y trabajadoras se empleen formalmente, otorg\u00e1ndoles un<br>aporte mensual por la relaci\u00f3n laboral que se inicia y que se entrega directamente al trabajador,<br>siempre que su remuneraci\u00f3n bruta mensual no exceda de 3 Ingresos M\u00ednimos Mensuales<br>(actualmente $1.230.000).<br>En tanto, el subsidio Protege es un beneficio para trabajadoras o trabajadores, dependientes o<br>independientes, que tengan a su cuidado ni\u00f1os y\/o ni\u00f1as menores de dos a\u00f1os, y que no tengan<br>garantizado el derecho a sala cuna por parte de su empleador, se\u00f1alando que tambi\u00e9n pueden<\/p>\n\n\n\n<p>postular madres y\/o padres dependientes e independientes que tengan al cuidado un ni\u00f1o\/a<br>mayor de 2 a\u00f1os, pero menor a 5 a\u00f1os.<br>En Magallanes, seg\u00fan los datos aportados por Sence, el IFE Laboral ha apoyado a un total de<br>7.119 mujeres y 6.472 hombres, sumando as\u00ed a 13.591 trabajadores y trabajadoras magall\u00e1nicas<br>beneficiadas. Mientras que el subsidio Protege ha logrado beneficiar a un total de 1.624 mujeres<br>y un hombre, con un total de 1.625 subsidios entregados a la fecha en la regi\u00f3n.<br>\u201cHoy la invitaci\u00f3n, como Seremi del Trabajo y Previsi\u00f3n Social, a los trabajadores y trabajadores<br>es a acercarse a nuestro Servicio Nacional de Capacitaci\u00f3n y Empleo (Sence), a trav\u00e9s de su sitio<br>web, www.sence.cl o de sus oficinas ubicadas en calle Magallanes N\u00b0538 para iniciar su proceso<br>de postulaci\u00f3n. Ambas iniciativas se han extendido por todo el primer semestre de 2023.<br>Esperamos llevar afectivamente alivio a las familias magall\u00e1nicas con estas dos medidas que son<br>parte de un conjunto de otras tendientes a fomentar la seguridad econ\u00f3mica de las<br>comunidades\u201d, concluy\u00f3 la Seremi.<\/p>\n","protected":false},"excerpt":{"rendered":"<p>Luego del anuncio hecho por el Presidente Gabriel Boric sobre las siete medidas del plan deseguridad econ\u00f3mica, la Seremi del Trabajo, Doris Sandoval, dio a conocer a nivel regional laextensi\u00f3n&#8230; <a class=\"read-more\" href=\"https:\/\/www.radiopresidenteibanez.cl\/web\/seremi-del-trabajo-informa-extension-del-ife-laboral-y-subsidio-protege\/\">Leer m\u00e1s<\/a><\/p>\n","protected":false},"author":2,"featured_media":36451,"comment_status":"closed","ping_status":"closed","sticky":false,"template":"","format":"standard","meta":{"footnotes":""},"categories":[1],"tags":[],"class_list":["post-36450","post","type-post","status-publish","format-standard","has-post-thumbnail","hentry","category-cronica"],"_links":{"self":[{"href":"https:\/\/www.radiopresidenteibanez.cl\/web\/wp-json\/wp\/v2\/posts\/36450","targetHints":{"allow":["GET"]}}],"collection":[{"href":"https:\/\/www.radiopresidenteibanez.cl\/web\/wp-json\/wp\/v2\/posts"}],"about":[{"href":"https:\/\/www.radiopresidenteibanez.cl\/web\/wp-json\/wp\/v2\/types\/post"}],"author":[{"embeddable":true,"href":"https:\/\/www.radiopresidenteibanez.cl\/web\/wp-json\/wp\/v2\/users\/2"}],"replies":[{"embeddable":true,"href":"https:\/\/www.radiopresidenteibanez.cl\/web\/wp-json\/wp\/v2\/comments?post=36450"}],"version-history":[{"count":0,"href":"https:\/\/www.radiopresidenteibanez.cl\/web\/wp-json\/wp\/v2\/posts\/36450\/revisions"}],"wp:featuredmedia":[{"embeddable":true,"href":"https:\/\/www.radiopresidenteibanez.cl\/web\/wp-json\/wp\/v2\/media\/36451"}],"wp:attachment":[{"href":"https:\/\/www.radiopresidenteibanez.cl\/web\/wp-json\/wp\/v2\/media?parent=36450"}],"wp:term":[{"taxonomy":"category","embeddable":true,"href":"https:\/\/www.radiopresidenteibanez.cl\/web\/wp-json\/wp\/v2\/categories?post=36450"},{"taxonomy":"post_tag","embeddable":true,"href":"https:\/\/www.radiopresidenteibanez.cl\/web\/wp-json\/wp\/v2\/tags?post=36450"}],"curies":[{"name":"wp","href":"https:\/\/api.w.org\/{rel}","templated":true}]}}