{"id":3644,"date":"2019-04-24T00:19:32","date_gmt":"2019-04-24T00:19:32","guid":{"rendered":"http:\/\/www.radiopresidenteibanez.cl\/web\/?p=3644"},"modified":"2019-04-24T00:20:06","modified_gmt":"2019-04-24T00:20:06","slug":"joven-conductor-protagonizo-choque-contra-muro-de-contencion","status":"publish","type":"post","link":"https:\/\/www.radiopresidenteibanez.cl\/web\/joven-conductor-protagonizo-choque-contra-muro-de-contencion\/","title":{"rendered":"JOVEN CONDUCTOR PROTAGONIZ\u00d3 CHOQUE CONTRA MURO DE CONTENCI\u00d3N"},"content":{"rendered":"\n<p>Pasadas las 17 horas, en las intersecciones de las calles 21 de mayo con Latorre, un fuerte choque protagoniz\u00f3 un joven de 19 a\u00f1os con su veh\u00edculo Toyota Starlet contra un muro de contenci\u00f3n existente en el lugar.<\/p>\n\n\n\n<p>Hasta el lugar debieron concurrir voluntarios de Bomberos, junto a personal de Carabinero y Samu, estos \u00faltimos trasladaron al herido hasta las dependencias del Hospital Cl\u00ednico de Magallanes.<\/p>\n\n\n\n<figure class=\"wp-block-image\"><img loading=\"lazy\" decoding=\"async\" width=\"878\" height=\"571\" src=\"https:\/\/www.radiopresidenteibanez.cl\/web\/wp-content\/uploads\/2019\/04\/WhatsApp-Image-2019-04-23-at-16.50.17.jpeg\" alt=\"\" class=\"wp-image-3645\" srcset=\"https:\/\/www.radiopresidenteibanez.cl\/web\/wp-content\/uploads\/2019\/04\/WhatsApp-Image-2019-04-23-at-16.50.17.jpeg 878w, https:\/\/www.radiopresidenteibanez.cl\/web\/wp-content\/uploads\/2019\/04\/WhatsApp-Image-2019-04-23-at-16.50.17-300x195.jpeg 300w, https:\/\/www.radiopresidenteibanez.cl\/web\/wp-content\/uploads\/2019\/04\/WhatsApp-Image-2019-04-23-at-16.50.17-768x499.jpeg 768w\" sizes=\"auto, (max-width: 878px) 100vw, 878px\" \/><\/figure>\n","protected":false},"excerpt":{"rendered":"<p>Pasadas las 17 horas, en las intersecciones de las calles 21 de mayo con Latorre, un fuerte choque protagoniz\u00f3 un joven de 19 a\u00f1os con su veh\u00edculo Toyota Starlet contra&#8230; <a class=\"read-more\" href=\"https:\/\/www.radiopresidenteibanez.cl\/web\/joven-conductor-protagonizo-choque-contra-muro-de-contencion\/\">Leer m\u00e1s<\/a><\/p>\n","protected":false},"author":2,"featured_media":3645,"comment_status":"closed","ping_status":"closed","sticky":false,"template":"","format":"standard","meta":{"footnotes":""},"categories":[1],"tags":[],"class_list":["post-3644","post","type-post","status-publish","format-standard","has-post-thumbnail","hentry","category-cronica"],"_links":{"self":[{"href":"https:\/\/www.radiopresidenteibanez.cl\/web\/wp-json\/wp\/v2\/posts\/3644","targetHints":{"allow":["GET"]}}],"collection":[{"href":"https:\/\/www.radiopresidenteibanez.cl\/web\/wp-json\/wp\/v2\/posts"}],"about":[{"href":"https:\/\/www.radiopresidenteibanez.cl\/web\/wp-json\/wp\/v2\/types\/post"}],"author":[{"embeddable":true,"href":"https:\/\/www.radiopresidenteibanez.cl\/web\/wp-json\/wp\/v2\/users\/2"}],"replies":[{"embeddable":true,"href":"https:\/\/www.radiopresidenteibanez.cl\/web\/wp-json\/wp\/v2\/comments?post=3644"}],"version-history":[{"count":0,"href":"https:\/\/www.radiopresidenteibanez.cl\/web\/wp-json\/wp\/v2\/posts\/3644\/revisions"}],"wp:featuredmedia":[{"embeddable":true,"href":"https:\/\/www.radiopresidenteibanez.cl\/web\/wp-json\/wp\/v2\/media\/3645"}],"wp:attachment":[{"href":"https:\/\/www.radiopresidenteibanez.cl\/web\/wp-json\/wp\/v2\/media?parent=3644"}],"wp:term":[{"taxonomy":"category","embeddable":true,"href":"https:\/\/www.radiopresidenteibanez.cl\/web\/wp-json\/wp\/v2\/categories?post=3644"},{"taxonomy":"post_tag","embeddable":true,"href":"https:\/\/www.radiopresidenteibanez.cl\/web\/wp-json\/wp\/v2\/tags?post=3644"}],"curies":[{"name":"wp","href":"https:\/\/api.w.org\/{rel}","templated":true}]}}