{"id":36435,"date":"2023-01-12T11:37:00","date_gmt":"2023-01-12T14:37:00","guid":{"rendered":"https:\/\/www.radiopresidenteibanez.cl\/web\/?p=36435"},"modified":"2023-01-12T00:06:11","modified_gmt":"2023-01-12T03:06:11","slug":"comenzaron-los-campamentos-de-verano-del-programa-ingles-abre-puertas-del-mineduc","status":"publish","type":"post","link":"https:\/\/www.radiopresidenteibanez.cl\/web\/comenzaron-los-campamentos-de-verano-del-programa-ingles-abre-puertas-del-mineduc\/","title":{"rendered":"COMENZARON LOS CAMPAMENTOS DE VERANO DEL PROGRAMA \u00abINGLES ABRE PUERTAS\u00bb DEL MINEDUC"},"content":{"rendered":"\n<p>Este lunes comenz\u00f3 a realizarse en Magallanes el evento \u201cEnglish Summer Camps 2023\u201d, desarrollado por el Programa \u201cIngl\u00e9s Abre Puertas\u201d del Ministerio de Educaci\u00f3n (Mineduc), en el marco de la Pol\u00edtica de Reactivaci\u00f3n Educativa, que tiene como objetivo central que las y los alumnos de educaci\u00f3n b\u00e1sica y media puedan practicar el idioma ingl\u00e9s, a trav\u00e9s de una experiencia grupal.&nbsp;&nbsp;<\/p>\n\n\n\n<p>En esta edici\u00f3n existen dos modalidades, para estudiantes de 5\u00b0 y 8\u00b0 b\u00e1sico es 100% online, del 9 al 13 de enero; y para I\u00b0 y IV\u00b0 medio semipresencial, del 9 al 13 de enero en Porvenir, y del 16 al 20 de enero en Punta Arenas.&nbsp;<\/p>\n\n\n\n<p>Por primera vez, este campamento de verano llega a Porvenir, con el apoyo del proyecto comunal de ingl\u00e9s. Las sesiones presenciales se desarrollan en el Liceo Hernando de Magallanes los d\u00edas lunes, mi\u00e9rcoles y viernes, mientras que martes y jueves, son online. Cabe destacar que est\u00e1 dirigido a 12 estudiantes, y es liderado, por el coordinador Sebasti\u00e1n&nbsp;\u00c1lvarez y la facilitadora Kasey Lee Ball, docente angloparlante.&nbsp;<\/p>\n\n\n\n<p>Cabe destacar que \u201cEnglish Summer Camps 2023\u201d se inici\u00f3 el 2008, y durante sus diferentes ediciones se ha escogido una tem\u00e1tica en particular con la cual vincular la inmersi\u00f3n en el idioma. En esta oportunidad, fue el medioambiente, por lo que a trav\u00e9s de juegos y actividades l\u00fadicas los estudiantes abordar\u00e1n contenidos trabajados en sus trayectorias educativas, enfocados en el desarrollo de las habilidades comunicativas del ingl\u00e9s.&nbsp;<\/p>\n\n\n\n<p>Paralelamente, de manera telem\u00e1tica, se est\u00e1n realizando dos cursos para estudiantes de distintas comunas de la regi\u00f3n, entre 5\u00b0 y 6\u00b0, y entre 7\u00b0 y 8\u00b0 b\u00e1sico, con 25 participantes cada uno.&nbsp;&nbsp;<\/p>\n\n\n\n<p>Finalmente, la iniciativa \u201cEnglish Summer Camps 2023\u201d, concluir\u00e1 la pr\u00f3xima semana en el Liceo Sara Braun de Punta Arenas, con la presencia de 50 alumnos<\/p>\n","protected":false},"excerpt":{"rendered":"<p>Este lunes comenz\u00f3 a realizarse en Magallanes el evento \u201cEnglish Summer Camps 2023\u201d, desarrollado por el Programa \u201cIngl\u00e9s Abre Puertas\u201d del Ministerio de Educaci\u00f3n (Mineduc), en el marco de la&#8230; <a class=\"read-more\" href=\"https:\/\/www.radiopresidenteibanez.cl\/web\/comenzaron-los-campamentos-de-verano-del-programa-ingles-abre-puertas-del-mineduc\/\">Leer m\u00e1s<\/a><\/p>\n","protected":false},"author":2,"featured_media":36436,"comment_status":"closed","ping_status":"closed","sticky":false,"template":"","format":"standard","meta":{"footnotes":""},"categories":[1],"tags":[],"class_list":["post-36435","post","type-post","status-publish","format-standard","has-post-thumbnail","hentry","category-cronica"],"_links":{"self":[{"href":"https:\/\/www.radiopresidenteibanez.cl\/web\/wp-json\/wp\/v2\/posts\/36435","targetHints":{"allow":["GET"]}}],"collection":[{"href":"https:\/\/www.radiopresidenteibanez.cl\/web\/wp-json\/wp\/v2\/posts"}],"about":[{"href":"https:\/\/www.radiopresidenteibanez.cl\/web\/wp-json\/wp\/v2\/types\/post"}],"author":[{"embeddable":true,"href":"https:\/\/www.radiopresidenteibanez.cl\/web\/wp-json\/wp\/v2\/users\/2"}],"replies":[{"embeddable":true,"href":"https:\/\/www.radiopresidenteibanez.cl\/web\/wp-json\/wp\/v2\/comments?post=36435"}],"version-history":[{"count":0,"href":"https:\/\/www.radiopresidenteibanez.cl\/web\/wp-json\/wp\/v2\/posts\/36435\/revisions"}],"wp:featuredmedia":[{"embeddable":true,"href":"https:\/\/www.radiopresidenteibanez.cl\/web\/wp-json\/wp\/v2\/media\/36436"}],"wp:attachment":[{"href":"https:\/\/www.radiopresidenteibanez.cl\/web\/wp-json\/wp\/v2\/media?parent=36435"}],"wp:term":[{"taxonomy":"category","embeddable":true,"href":"https:\/\/www.radiopresidenteibanez.cl\/web\/wp-json\/wp\/v2\/categories?post=36435"},{"taxonomy":"post_tag","embeddable":true,"href":"https:\/\/www.radiopresidenteibanez.cl\/web\/wp-json\/wp\/v2\/tags?post=36435"}],"curies":[{"name":"wp","href":"https:\/\/api.w.org\/{rel}","templated":true}]}}