{"id":36417,"date":"2023-01-11T17:47:00","date_gmt":"2023-01-11T20:47:00","guid":{"rendered":"https:\/\/www.radiopresidenteibanez.cl\/web\/?p=36417"},"modified":"2023-01-11T00:15:55","modified_gmt":"2023-01-11T03:15:55","slug":"tasa-de-participacion-alcanza-el-66-en-magallanes-con-un-aumento-de-24-puntos-porcentuales-en-el-ultimo-ano","status":"publish","type":"post","link":"https:\/\/www.radiopresidenteibanez.cl\/web\/tasa-de-participacion-alcanza-el-66-en-magallanes-con-un-aumento-de-24-puntos-porcentuales-en-el-ultimo-ano\/","title":{"rendered":"<strong>Tasa de participaci\u00f3n alcanza el 66% en Magallanes, con un aumento de 2,4 puntos porcentuales en el \u00faltimo a\u00f1o<\/strong>"},"content":{"rendered":"\n<p>El Observatorio Laboral de SENCE en Magallanes y que ejecuta INACAP, public\u00f3 el primer Term\u00f3metro Laboral del a\u00f1o, que corresponde al trimestre m\u00f3vil septiembre-octubre-noviembre de 2022, el que incluye, como en versiones anteriores, datos de la Encuesta Nacional de Empleo del Instituto Nacional de Estad\u00edsticas (INE), as\u00ed como del Sistema de An\u00e1lisis de Bolsa de Empleo (SABE) que recoge informaci\u00f3n sobre el n\u00famero de avisos y vacantes registradas en internet.<\/p>\n\n\n\n<p>Seg\u00fan explic\u00f3 el director (s) del observatorio laboral regional, Jornan Huentelic\u00e1n, al comparar los datos de SABE por trimestres m\u00f3viles, con los datos de personas desocupadas de la Encuesta Nacional de Empleo, se pueden detectar coincidencias. As\u00ed, por ejemplo, se observa que, en enero 2022, mes peak de vacantes, coincide con el punto m\u00e1s bajo de personas desocupadas; en tanto, para el trimestre m\u00f3vil septiembre \u2013 noviembre 2022, se mantienen las cifras de desocupaci\u00f3n respecto al trimestre anterior y se percibe un leve aumento en las vacantes registradas por SABE.<\/p>\n\n\n\n<p>Para la seremi del Trabajo y Previsi\u00f3n Social, Doris Sandoval Miranda, la recuperaci\u00f3n de empleos va de la mano con la mayor capacitaci\u00f3n de las personas, \u201ccomo gobierno estamos empe\u00f1adas y empe\u00f1ados en generar las condiciones para que en Magallanes los trabajadores y las trabajadoras accedan a m\u00e1s oportunidades de capacitaci\u00f3n que les generen una mayor empleabilidad y posterior inserci\u00f3n laboral, lo cual estamos revisando con SENCE para traer a la regi\u00f3n cursos que sean pertinentes a las necesidades de la industria, el comercio y los rubros que m\u00e1s personas emplean\u201d.<\/p>\n\n\n\n<p><strong>Otros datos:<\/strong><\/p>\n\n\n\n<ul class=\"wp-block-list\">\n<li>Se registraron 93.494 personas ocupadas, lo que representa un aumento de 4.712 personas ocupadas en comparaci\u00f3n al mismo trimestre m\u00f3vil del 2021. Esto corresponde a un alza de 2,6 puntos porcentuales (pp.) en la tasa de ocupaci\u00f3n regional.<\/li>\n\n\n\n<li>La regi\u00f3n registr\u00f3 una tasa de participaci\u00f3n de 66%, con un aumento de 2,4 pp. en comparaci\u00f3n al mismo trimestre del a\u00f1o 2021. Adem\u00e1s, los hombres presentan una tasa de participaci\u00f3n 15,8 pp. superior a la de las mujeres en Magallanes.<\/li>\n\n\n\n<li>La tasa de ocupaci\u00f3n informal en Magallanes fue de 19,8%, lo que equivale a 18.472 personas.<\/li>\n\n\n\n<li>Se registra una tasa de desocupaci\u00f3n de 5,4% a nivel regional. En tanto, la tasa de inactividad alcanza el 34%, existiendo una disminuci\u00f3n de 2,4 pp. respecto al mismo trimestre del a\u00f1o anterior.<\/li>\n\n\n\n<li>Las ocupaciones con m\u00e1s vacantes en la regi\u00f3n, registradas por SABE al mes de diciembre de 2022 son las de vendedores y asistentes de venta de tiendas, almacenes y puestos de mercado con 235 vacantes, y las de vendedores por internet y otros medios de comunicaci\u00f3n con 202 ofertas laborales. Las otras ocupaciones con mayor demanda son las de ayudantes de cocina, cocineros de comida r\u00e1pida y auxiliares de aseo.<\/li>\n<\/ul>\n\n\n\n<p>El reporte completo del Term\u00f3metro Laboral Enero 2023 se encuentra disponible en el sitio web del Observatorio Laboral:&nbsp;&nbsp;<a href=\"https:\/\/observatorionacional.cl\/publicaciones\/2822\" target=\"_blank\" rel=\"noreferrer noopener\">https:\/\/observatorionacional.cl\/publicaciones\/2822<\/a><\/p>\n","protected":false},"excerpt":{"rendered":"<p>El Observatorio Laboral de SENCE en Magallanes y que ejecuta INACAP, public\u00f3 el primer Term\u00f3metro Laboral del a\u00f1o, que corresponde al trimestre m\u00f3vil septiembre-octubre-noviembre de 2022, el que incluye, como&#8230; <a class=\"read-more\" href=\"https:\/\/www.radiopresidenteibanez.cl\/web\/tasa-de-participacion-alcanza-el-66-en-magallanes-con-un-aumento-de-24-puntos-porcentuales-en-el-ultimo-ano\/\">Leer m\u00e1s<\/a><\/p>\n","protected":false},"author":2,"featured_media":36418,"comment_status":"closed","ping_status":"closed","sticky":false,"template":"","format":"standard","meta":{"footnotes":""},"categories":[1],"tags":[],"class_list":["post-36417","post","type-post","status-publish","format-standard","has-post-thumbnail","hentry","category-cronica"],"_links":{"self":[{"href":"https:\/\/www.radiopresidenteibanez.cl\/web\/wp-json\/wp\/v2\/posts\/36417","targetHints":{"allow":["GET"]}}],"collection":[{"href":"https:\/\/www.radiopresidenteibanez.cl\/web\/wp-json\/wp\/v2\/posts"}],"about":[{"href":"https:\/\/www.radiopresidenteibanez.cl\/web\/wp-json\/wp\/v2\/types\/post"}],"author":[{"embeddable":true,"href":"https:\/\/www.radiopresidenteibanez.cl\/web\/wp-json\/wp\/v2\/users\/2"}],"replies":[{"embeddable":true,"href":"https:\/\/www.radiopresidenteibanez.cl\/web\/wp-json\/wp\/v2\/comments?post=36417"}],"version-history":[{"count":0,"href":"https:\/\/www.radiopresidenteibanez.cl\/web\/wp-json\/wp\/v2\/posts\/36417\/revisions"}],"wp:featuredmedia":[{"embeddable":true,"href":"https:\/\/www.radiopresidenteibanez.cl\/web\/wp-json\/wp\/v2\/media\/36418"}],"wp:attachment":[{"href":"https:\/\/www.radiopresidenteibanez.cl\/web\/wp-json\/wp\/v2\/media?parent=36417"}],"wp:term":[{"taxonomy":"category","embeddable":true,"href":"https:\/\/www.radiopresidenteibanez.cl\/web\/wp-json\/wp\/v2\/categories?post=36417"},{"taxonomy":"post_tag","embeddable":true,"href":"https:\/\/www.radiopresidenteibanez.cl\/web\/wp-json\/wp\/v2\/tags?post=36417"}],"curies":[{"name":"wp","href":"https:\/\/api.w.org\/{rel}","templated":true}]}}