{"id":3641,"date":"2019-04-24T00:12:28","date_gmt":"2019-04-24T00:12:28","guid":{"rendered":"http:\/\/www.radiopresidenteibanez.cl\/web\/?p=3641"},"modified":"2019-04-24T00:12:55","modified_gmt":"2019-04-24T00:12:55","slug":"conaf-prepara-sus-areas-silvestres-protegidas-para-temporada-invernal","status":"publish","type":"post","link":"https:\/\/www.radiopresidenteibanez.cl\/web\/conaf-prepara-sus-areas-silvestres-protegidas-para-temporada-invernal\/","title":{"rendered":"CONAF PREPARA SUS \u00c1REAS SILVESTRES PROTEGIDAS PARA TEMPORADA INVERNAL"},"content":{"rendered":"\n<p>Con la intenci\u00f3n de cerrar la temporada 2018-2019 y prepararse para el per\u00edodo de invierno que se avecina, la Corporaci\u00f3n Nacional Forestal&nbsp; en Magallanes, ha comenzado a implementar las medidas correspondientes para algunas de sus \u00e1reas silvestres protegidas m\u00e1s visitadas por turistas nacionales y extranjeros.<\/p>\n\n\n\n<p>De esta forma, el lunes 22 de abril se dispuso el cierre al p\u00fablico de la Reserva Nacional Laguna Parrillar, al sur de Punta Arenas, debido al inicio de actividades de mantenci\u00f3n de los servicios sanitarios e infraestructura de los senderos.<\/p>\n\n\n\n<p>De la misma forma, pero el 30 de abril, se inicia el cierre al p\u00fablico del Parque Nacional Pali Aike, ubicada a 196 kil\u00f3metros de Punta Arenas en la comuna de San Gregorio, as\u00ed como tambi\u00e9n del Monumento Natural Los Ping\u00fainos, por temas de mantenci\u00f3n y consideraci\u00f3n a los ciclos migratorios y reproductivos de las aves.<\/p>\n\n\n\n<p><strong>Regulaciones de invierno en el Parque Nacional Torres del Paine<\/strong><\/p>\n\n\n\n<p>Por otra parte, en la provincia de \u00daltima Esperanza se mantienen abiertos el Monumento Natural Cueva del Milod\u00f3n, el Parque Nacional Bernardo O\u2019Higgins por el sector de Balmaceda y el Parque Nacional Torres del Paine, \u00e9ste \u00faltimo y como ya es habitual, con una serie de regulaciones para la realizaci\u00f3n de actividades &nbsp;de senderismo invernal en el sector de monta\u00f1a.<\/p>\n\n\n\n<p>Algunas regulaciones establecidas por la Administraci\u00f3n del Parque Nacional Torres del Paine son que el circuito Macizo Paine Grande y \u201cW\u201d se mantienen abiertos solo para &nbsp;grupos de adultos con gu\u00edas habilitados por Conaf y que cumplan con las normativas municipales, n\u00famero restringido en el m\u00ednimo y m\u00e1ximo de personas y, a lo menos, con un asistente que puede ser el mismo porteador. En el caso del Macizo Paine se deber\u00e1 contar con &nbsp;tel\u00e9fono satelital, debido a que no hay cobertura radial el todo el circuito. Estas medidas son obligatorias hasta el 30 de septiembre, lo cual en el caso de la ruta Laguna Amarga a Base Torres, la exigencia de contar con gu\u00edas ser\u00e1 exigida s\u00f3lo hasta el 30 de agosto.<\/p>\n\n\n\n<p>Durante el invierno, se mantendr\u00e1 cerrado el campamento Italiano, los tramos de mirador Franc\u00e9s a mirador Brit\u00e1nico; campamento Torres a Japon\u00e9s, siendo obligaci\u00f3n de todos los caminantes registrarse en cada campamento o refugio donde se encuentre personal de CONAF o &nbsp;de las empresas concesionarias que funcionan al interior de parque.<\/p>\n\n\n\n<p>Los senderos con inicio y t\u00e9rmino desde el camino p\u00fablico, mantienen sus restricciones y recomendaciones normales, tales como Laguna Verde, Mirador Salto Grande, mirador Toro, mirador del C\u00f3ndor, mirador Nordenskj\u00f6ld y mirador Ferrier.<\/p>\n\n\n\n<p>Informaci\u00f3n m\u00e1s detallada sobre estas restricciones de invierno se encuentran en la p\u00e1gina del Parque Nacional Torres del Paine\u00a0\u00a0<a rel=\"noreferrer noopener\" href=\"http:\/\/www.parquetorresdelpaine.cl\/\" target=\"_blank\">www.parquetorresdelpaine.cl<\/a>\u00a0a trav\u00e9s de su informe diario y en el link\u00a0<a rel=\"noreferrer noopener\" href=\"http:\/\/www.parquetorresdelpaine.cl\/es\/senderismo-montana\" target=\"_blank\">http:\/\/www.parquetorresdelpaine.cl\/es\/senderismo-montana<\/a><\/p>\n\n\n\n<figure class=\"wp-block-image\"><img loading=\"lazy\" decoding=\"async\" width=\"1024\" height=\"586\" src=\"https:\/\/www.radiopresidenteibanez.cl\/web\/wp-content\/uploads\/2019\/04\/parrillar-borde-costero-1024x586.jpg\" alt=\"\" class=\"wp-image-3642\" srcset=\"https:\/\/www.radiopresidenteibanez.cl\/web\/wp-content\/uploads\/2019\/04\/parrillar-borde-costero-1024x586.jpg 1024w, https:\/\/www.radiopresidenteibanez.cl\/web\/wp-content\/uploads\/2019\/04\/parrillar-borde-costero-300x172.jpg 300w, https:\/\/www.radiopresidenteibanez.cl\/web\/wp-content\/uploads\/2019\/04\/parrillar-borde-costero-768x440.jpg 768w, https:\/\/www.radiopresidenteibanez.cl\/web\/wp-content\/uploads\/2019\/04\/parrillar-borde-costero.jpg 1280w\" sizes=\"auto, (max-width: 1024px) 100vw, 1024px\" \/><\/figure>\n","protected":false},"excerpt":{"rendered":"<p>Con la intenci\u00f3n de cerrar la temporada 2018-2019 y prepararse para el per\u00edodo de invierno que se avecina, la Corporaci\u00f3n Nacional Forestal&nbsp; en Magallanes, ha comenzado a implementar las medidas&#8230; <a class=\"read-more\" href=\"https:\/\/www.radiopresidenteibanez.cl\/web\/conaf-prepara-sus-areas-silvestres-protegidas-para-temporada-invernal\/\">Leer m\u00e1s<\/a><\/p>\n","protected":false},"author":2,"featured_media":3642,"comment_status":"closed","ping_status":"closed","sticky":false,"template":"","format":"standard","meta":{"footnotes":""},"categories":[1],"tags":[],"class_list":["post-3641","post","type-post","status-publish","format-standard","has-post-thumbnail","hentry","category-cronica"],"_links":{"self":[{"href":"https:\/\/www.radiopresidenteibanez.cl\/web\/wp-json\/wp\/v2\/posts\/3641","targetHints":{"allow":["GET"]}}],"collection":[{"href":"https:\/\/www.radiopresidenteibanez.cl\/web\/wp-json\/wp\/v2\/posts"}],"about":[{"href":"https:\/\/www.radiopresidenteibanez.cl\/web\/wp-json\/wp\/v2\/types\/post"}],"author":[{"embeddable":true,"href":"https:\/\/www.radiopresidenteibanez.cl\/web\/wp-json\/wp\/v2\/users\/2"}],"replies":[{"embeddable":true,"href":"https:\/\/www.radiopresidenteibanez.cl\/web\/wp-json\/wp\/v2\/comments?post=3641"}],"version-history":[{"count":0,"href":"https:\/\/www.radiopresidenteibanez.cl\/web\/wp-json\/wp\/v2\/posts\/3641\/revisions"}],"wp:featuredmedia":[{"embeddable":true,"href":"https:\/\/www.radiopresidenteibanez.cl\/web\/wp-json\/wp\/v2\/media\/3642"}],"wp:attachment":[{"href":"https:\/\/www.radiopresidenteibanez.cl\/web\/wp-json\/wp\/v2\/media?parent=3641"}],"wp:term":[{"taxonomy":"category","embeddable":true,"href":"https:\/\/www.radiopresidenteibanez.cl\/web\/wp-json\/wp\/v2\/categories?post=3641"},{"taxonomy":"post_tag","embeddable":true,"href":"https:\/\/www.radiopresidenteibanez.cl\/web\/wp-json\/wp\/v2\/tags?post=3641"}],"curies":[{"name":"wp","href":"https:\/\/api.w.org\/{rel}","templated":true}]}}