{"id":3638,"date":"2019-04-24T00:05:57","date_gmt":"2019-04-24T00:05:57","guid":{"rendered":"http:\/\/www.radiopresidenteibanez.cl\/web\/?p=3638"},"modified":"2019-04-24T00:06:35","modified_gmt":"2019-04-24T00:06:35","slug":"seremi-de-las-culturas-realiza-donacion-de-textos-y-propicia-intervencion-artistica-en-el-dia-del-libro","status":"publish","type":"post","link":"https:\/\/www.radiopresidenteibanez.cl\/web\/seremi-de-las-culturas-realiza-donacion-de-textos-y-propicia-intervencion-artistica-en-el-dia-del-libro\/","title":{"rendered":"SEREMI DE LAS CULTURAS REALIZA DONACI\u00d3N DE TEXTOS Y PROPICIA INTERVENCI\u00d3N ART\u00cdSTICA EN EL D\u00cdA DEL LIBRO"},"content":{"rendered":"\n<p>La Serem\u00eda\nde las Culturas, las Artes y el Patrimonio, con el apoyo del Hospital Cl\u00ednico\nde Magallanes, realiz\u00f3 dos acciones orientadas a la generaci\u00f3n de estrategias\npara fomentar el h\u00e1bito lector en la comunidad. Todo en el marco de la celebraci\u00f3n\ndel D\u00eda Internacional del Libro y el Derecho de Autor.<\/p>\n\n\n\n<p>Se trat\u00f3 de la donaci\u00f3n de\nun set textos de literatura infantil destinados a nutrir el punto de lectura, disponible en el\n\u00e1rea de pediatr\u00eda del centro asistencial, desde el a\u00f1o 2017.<\/p>\n\n\n\n<p>\u201cComo\nhospital recibimos con mucha gratitud esta renovaci\u00f3n de libros para los\npacientes m\u00e1s peque\u00f1os de nuestro establecimiento. Esta es una enriquecedora\nmanera de distenderse y abstraerse de las patolog\u00edas y\nenfermedades&nbsp;complejas que les aquejan y es, adem\u00e1s, una muy buena\ninstancia de poder mantener la mente ocupada en casos de ausentismos\nprolongados en relaci\u00f3n a la escolaridad. Estamos contentos y agradecidos por\nesta iniciativa y esperamos poder seguir estrechando los lazos para el beneficio\nde los ni\u00f1os que ac\u00e1 se atienden y que son de nuestra regi\u00f3n\u201d, resalt\u00f3 el Director (s) Hospital Cl\u00ednico Magallanes (HCM), Sadoc Ram\u00edrez Jaramillo.<\/p>\n\n\n\n<p>\u201cBlancanieves de la Tierra del Fuego\u201d,\nde Walter Carzon y Roberta Iannamigo; \u201cVitoco en la Patagonia\u201d, de Eleodoro Sanhueza\nRam\u00edrez; \u201cUna guanaca roja\u201d, de Mauricio Osorio Pefaur; \u201cToman mate aqu\u00ed\u201d, de\nMiguel Mu\u00f1oz P\u00e9rez; \u201cMi hermano gigante\u201d, de Mauricio Paredes; \u201cLa rebeli\u00f3n de\nlas letras\u201d, de Marcelo Simonetti; \u201cLa odisea ant\u00e1rtica\u201d, de Rosamar\u00eda Solar;\n\u201cEl lenguaje de las cosas\u201d, de Mar\u00eda Jos\u00e9 Ferrada, y \u201cAntolog\u00eda Gabriela\nMistral\u201d, del Ministerio de las Culturas, las Artes y el Patrimonio, figuran en\nel listado de t\u00edtulos entregados a la biblioteca del HCM.<\/p>\n\n\n\n<p>\u201cCelebramos\nel D\u00eda del Libro en el Hospital, sabiendo la importancia que tiene la lectura y\nel fomento de la pasi\u00f3n por ella. Hace dos a\u00f1os se estableci\u00f3 una relaci\u00f3n y\ncompromiso que renovamos el d\u00eda de hoy, porque sabemos que todos los ni\u00f1os\nimportan y para nuestro gobierno ellos est\u00e1n primero. Ahora lo queremos\nreflejar haciendo una manifestaci\u00f3n art\u00edstica, junto a la entrega de estos\ntextos, que nos permitir\u00e1 contar cuentos, entregando alegr\u00eda en este proceso\nque a veces es un poco complicado, pero queremos potenciar la capacidad de\nseguir riendo de todos los ni\u00f1os y j\u00f3venes que est\u00e1n ac\u00e1\u201d, coment\u00f3 la Seremi de\nlas Culturas, Katherine Ibacache Calder\u00f3n.&nbsp;&nbsp;&nbsp;\n<\/p>\n\n\n\n<p>La segunda iniciativa consisti\u00f3 en una intervenci\u00f3n art\u00edstica. Las actrices Paulina Carrasco y Beatriz Fuentealba, quienes representaron a los personajes \u201cRosina\u201d y \u201cRoseta\u201d, enfermeras que bajo el lema \u201cJuntas leemos y salvamos el Planeta\u201d, visitaron a ni\u00f1os hospitalizados y compartieron en formato de t\u00e9cnica Clown, en la sala de espera Centro Adosado de Especialidades (CAE) Infantil. La experiencia teatral, que acapar\u00f3 la atenci\u00f3n de ni\u00f1as, ni\u00f1os y adultos, tuvo como objetivo acercar la lectura en un espacio no convencional.<\/p>\n\n\n\n<figure class=\"wp-block-image\"><img loading=\"lazy\" decoding=\"async\" width=\"1000\" height=\"667\" src=\"https:\/\/www.radiopresidenteibanez.cl\/web\/wp-content\/uploads\/2019\/04\/IMG_7056.jpg\" alt=\"\" class=\"wp-image-3639\" srcset=\"https:\/\/www.radiopresidenteibanez.cl\/web\/wp-content\/uploads\/2019\/04\/IMG_7056.jpg 1000w, https:\/\/www.radiopresidenteibanez.cl\/web\/wp-content\/uploads\/2019\/04\/IMG_7056-300x200.jpg 300w, https:\/\/www.radiopresidenteibanez.cl\/web\/wp-content\/uploads\/2019\/04\/IMG_7056-768x512.jpg 768w\" sizes=\"auto, (max-width: 1000px) 100vw, 1000px\" \/><\/figure>\n","protected":false},"excerpt":{"rendered":"<p>La Serem\u00eda de las Culturas, las Artes y el Patrimonio, con el apoyo del Hospital Cl\u00ednico de Magallanes, realiz\u00f3 dos acciones orientadas a la generaci\u00f3n de estrategias para fomentar el&#8230; <a class=\"read-more\" href=\"https:\/\/www.radiopresidenteibanez.cl\/web\/seremi-de-las-culturas-realiza-donacion-de-textos-y-propicia-intervencion-artistica-en-el-dia-del-libro\/\">Leer m\u00e1s<\/a><\/p>\n","protected":false},"author":2,"featured_media":3639,"comment_status":"closed","ping_status":"closed","sticky":false,"template":"","format":"standard","meta":{"footnotes":""},"categories":[1],"tags":[],"class_list":["post-3638","post","type-post","status-publish","format-standard","has-post-thumbnail","hentry","category-cronica"],"_links":{"self":[{"href":"https:\/\/www.radiopresidenteibanez.cl\/web\/wp-json\/wp\/v2\/posts\/3638","targetHints":{"allow":["GET"]}}],"collection":[{"href":"https:\/\/www.radiopresidenteibanez.cl\/web\/wp-json\/wp\/v2\/posts"}],"about":[{"href":"https:\/\/www.radiopresidenteibanez.cl\/web\/wp-json\/wp\/v2\/types\/post"}],"author":[{"embeddable":true,"href":"https:\/\/www.radiopresidenteibanez.cl\/web\/wp-json\/wp\/v2\/users\/2"}],"replies":[{"embeddable":true,"href":"https:\/\/www.radiopresidenteibanez.cl\/web\/wp-json\/wp\/v2\/comments?post=3638"}],"version-history":[{"count":0,"href":"https:\/\/www.radiopresidenteibanez.cl\/web\/wp-json\/wp\/v2\/posts\/3638\/revisions"}],"wp:featuredmedia":[{"embeddable":true,"href":"https:\/\/www.radiopresidenteibanez.cl\/web\/wp-json\/wp\/v2\/media\/3639"}],"wp:attachment":[{"href":"https:\/\/www.radiopresidenteibanez.cl\/web\/wp-json\/wp\/v2\/media?parent=3638"}],"wp:term":[{"taxonomy":"category","embeddable":true,"href":"https:\/\/www.radiopresidenteibanez.cl\/web\/wp-json\/wp\/v2\/categories?post=3638"},{"taxonomy":"post_tag","embeddable":true,"href":"https:\/\/www.radiopresidenteibanez.cl\/web\/wp-json\/wp\/v2\/tags?post=3638"}],"curies":[{"name":"wp","href":"https:\/\/api.w.org\/{rel}","templated":true}]}}