{"id":36372,"date":"2023-01-10T13:18:00","date_gmt":"2023-01-10T16:18:00","guid":{"rendered":"https:\/\/www.radiopresidenteibanez.cl\/web\/?p=36372"},"modified":"2023-01-09T23:22:02","modified_gmt":"2023-01-10T02:22:02","slug":"consejo-regional-aprobo-reglamento-para-proyectos-habitacionales-sin-deuda-financiados-por-el-minvu-y-aporte-regional","status":"publish","type":"post","link":"https:\/\/www.radiopresidenteibanez.cl\/web\/consejo-regional-aprobo-reglamento-para-proyectos-habitacionales-sin-deuda-financiados-por-el-minvu-y-aporte-regional\/","title":{"rendered":"Consejo Regional aprob\u00f3 reglamento para proyectos habitacionales sin deuda financiados por el minvu y aporte regional"},"content":{"rendered":"\n<p>Las autoridades del Ministerio de Vivienda en la Regi\u00f3n, valoraron el trabajo colaborativo entre la Seremi de Vivienda y Urbanismo, el Serviu y el Consejo Regional de Magallanes y de la Ant\u00e1rtica Chilena, luego de la aprobaci\u00f3n del Reglamento del convenio de programaci\u00f3n Minvu-&nbsp; Gore para proyectos que postulen al Fondo Solidario de Elecci\u00f3n de Vivienda y que requieran cofinanciamiento regional.<\/p>\n\n\n\n<p>Tras la aprobaci\u00f3n, el Seremi de Vivienda y Urbanismo&nbsp;<strong>Marco Uribe Saldivia<\/strong>, agradeci\u00f3 al Consejo Regional y la comisi\u00f3n de seguimiento del convenio Minvu Gore, la aprobaci\u00f3n de este documento y destac\u00f3 \u201c<strong>Estamos muy contentos con la aprobaci\u00f3n del reglamento del convenio de programaci\u00f3n Minvu-Gore, ya que si bien hay diversidad de pensamientos, todos muy respetables por lo dem\u00e1s, tenemos la convicci\u00f3n de que a trav\u00e9s de esta herramienta vamos a llegar a las familias que m\u00e1s lo necesitan en la Regi\u00f3n, junto con la descentralizaci\u00f3n que tenemos como sello a trav\u00e9s del Plan de Emergencia Habitacional de poder llegar a todas las comunas del territorio patag\u00f3nico\u201d.<\/strong><\/p>\n\n\n\n<p>La&nbsp;<strong>directora del Serviu Mar\u00eda Luz Gajardo Salazar<\/strong>&nbsp;precis\u00f3 que,&nbsp;<strong>\u201cEste reglamento aplica para todos aquellos proyectos de vivienda que requieran de recursos adicionales, por parte del Gobierno Regional. Por tanto, a partir de ahora, cada vez que nosotros efectuemos un llamado de postulaci\u00f3n a subsidios habitacionales del Fondo Solidario de Elecci\u00f3n de Vivienda, los proyectos que requieran de aportes adicionales, van a tener dar cumplimiento a este reglamento\u201d.<\/strong><\/p>\n\n\n\n<p>Cabe destacar que el reglamento no modifica proyectos habitacionales de agrupaciones de vivienda que ya cuentan con subsidios habitacionales otorgados.<\/p>\n\n\n\n<p>El&nbsp;<strong>Gobernador Regional, Jorge Flies<\/strong>&nbsp;<strong>A\u00f1\u00f3n<\/strong>, al finalizar la votaci\u00f3n, puntualiz\u00f3&nbsp;<strong>\u201cInsistir en que este convenio de Programaci\u00f3n de alrededor de 360 mil millones de pesos se est\u00e1 tratando de focalizar en los grupos priorizados y tal como lo hemos dicho en la discusi\u00f3n que hubo ahora en el Consejo Regional, estos no son t\u00e9rminos escritos en tablas de piedra, sino que son perfectibles y a la vez aseguran elementos de calidad y de focalizaci\u00f3n de la atenci\u00f3n. Esto es complementario, como reglamento no puede pasar por encima de ninguna Ley y busca mejorar las condiciones en que se est\u00e1 trabajando con recursos regional\u201d.<\/strong>&nbsp;<\/p>\n\n\n\n<p>A su vez el consejero e integrante de la comisi\u00f3n de seguimiento,&nbsp;<strong>Andr\u00e9s L\u00f3pez Espa\u00f1a<\/strong>&nbsp;agreg\u00f3&nbsp;<strong>\u201cPareciera que cuando se habla de vivienda se est\u00e1 hablando solo de la comuna de Punta Arenas, por eso en lo personal he puesto \u00e9nfasis en que se equipare la cancha, las casas m\u00e1s peque\u00f1as que se han entregado est\u00e1n en Porvenir con 45 metros cuadrados en Lomas de Baquedano 3. Por eso hemos trabajado en estandarizar y dejar en toda la regi\u00f3n la misma vivienda y las mismas dimensiones de las calles, en esto he puesto \u00e9nfasis tanto en el consejo como en la comisi\u00f3n\u201d.<\/strong><\/p>\n\n\n\n<p>El documento fue solicitado por el Consejo Regional para evitar repetir lo ocurrido en Punta Arenas en los a\u00f1os 2020-2021, en cuanto a la conformaci\u00f3n de agrupaciones de vivienda sin la focalizaci\u00f3n social prioritaria que establece el DS49 y proyectos sin la respectiva aprobaci\u00f3n de recursos regionales.&nbsp;<strong>As\u00ed los se\u00f1alaron algunos consejeros y consejeras al finalizar la votaci\u00f3n, recordando que en dicho periodo recibieron m\u00faltiples denuncias de personas, respecto a malas pr\u00e1cticas en los procesos de conformaci\u00f3n de estos grupos.<\/strong><\/p>\n\n\n\n<p>La comisi\u00f3n se conform\u00f3 en julio de 2022 y es integrada por el Gobernador Regional, Jorge Flies A\u00f1\u00f3n; Seremi de Vivienda y Urbanismo, Marco Uribe Saldivia; Directora Regional del Serviu, Mar\u00eda Luz Gajardo Salazar; Consejeros regionales que presiden las Comisiones de Presupuesto y Fomento Regional, Patricio Gam\u00edn Bustamante; Infraestructura, Patrimonio y Desarrollo Territorial, Andr\u00e9s L\u00f3pez Espa\u00f1a; Social y Cultural, Antonio Bradasic Sillard; consejero de la provincia no representada en los tres cargos anteriores, Rodolfo Moncada Salazar; Administrador del Gobierno Regional, Christian Garc\u00eda Castillo y la Jefa de la Divisi\u00f3n de Presupuesto e Inversi\u00f3n Regional, Eugenia Mancilla Mac\u00edas (secretar\u00eda ejecutiva).<\/p>\n","protected":false},"excerpt":{"rendered":"<p>Las autoridades del Ministerio de Vivienda en la Regi\u00f3n, valoraron el trabajo colaborativo entre la Seremi de Vivienda y Urbanismo, el Serviu y el Consejo Regional de Magallanes y de&#8230; <a class=\"read-more\" href=\"https:\/\/www.radiopresidenteibanez.cl\/web\/consejo-regional-aprobo-reglamento-para-proyectos-habitacionales-sin-deuda-financiados-por-el-minvu-y-aporte-regional\/\">Leer m\u00e1s<\/a><\/p>\n","protected":false},"author":2,"featured_media":36373,"comment_status":"closed","ping_status":"closed","sticky":false,"template":"","format":"standard","meta":{"footnotes":""},"categories":[1],"tags":[],"class_list":["post-36372","post","type-post","status-publish","format-standard","has-post-thumbnail","hentry","category-cronica"],"_links":{"self":[{"href":"https:\/\/www.radiopresidenteibanez.cl\/web\/wp-json\/wp\/v2\/posts\/36372","targetHints":{"allow":["GET"]}}],"collection":[{"href":"https:\/\/www.radiopresidenteibanez.cl\/web\/wp-json\/wp\/v2\/posts"}],"about":[{"href":"https:\/\/www.radiopresidenteibanez.cl\/web\/wp-json\/wp\/v2\/types\/post"}],"author":[{"embeddable":true,"href":"https:\/\/www.radiopresidenteibanez.cl\/web\/wp-json\/wp\/v2\/users\/2"}],"replies":[{"embeddable":true,"href":"https:\/\/www.radiopresidenteibanez.cl\/web\/wp-json\/wp\/v2\/comments?post=36372"}],"version-history":[{"count":0,"href":"https:\/\/www.radiopresidenteibanez.cl\/web\/wp-json\/wp\/v2\/posts\/36372\/revisions"}],"wp:featuredmedia":[{"embeddable":true,"href":"https:\/\/www.radiopresidenteibanez.cl\/web\/wp-json\/wp\/v2\/media\/36373"}],"wp:attachment":[{"href":"https:\/\/www.radiopresidenteibanez.cl\/web\/wp-json\/wp\/v2\/media?parent=36372"}],"wp:term":[{"taxonomy":"category","embeddable":true,"href":"https:\/\/www.radiopresidenteibanez.cl\/web\/wp-json\/wp\/v2\/categories?post=36372"},{"taxonomy":"post_tag","embeddable":true,"href":"https:\/\/www.radiopresidenteibanez.cl\/web\/wp-json\/wp\/v2\/tags?post=36372"}],"curies":[{"name":"wp","href":"https:\/\/api.w.org\/{rel}","templated":true}]}}