{"id":36341,"date":"2023-01-09T11:34:00","date_gmt":"2023-01-09T14:34:00","guid":{"rendered":"https:\/\/www.radiopresidenteibanez.cl\/web\/?p=36341"},"modified":"2023-01-09T09:36:35","modified_gmt":"2023-01-09T12:36:35","slug":"sector-justicia-sale-a-terreno-en-estas-vacaciones","status":"publish","type":"post","link":"https:\/\/www.radiopresidenteibanez.cl\/web\/sector-justicia-sale-a-terreno-en-estas-vacaciones\/","title":{"rendered":"SECTOR JUSTICIA SALE A TERRENO EN ESTAS VACACIONES"},"content":{"rendered":"\n<p>Tal como se anunci\u00f3 en su momento, la Secretar\u00eda Regional Ministerial mantendr\u00e1 durante todo<br>este verano un cronograma de salidas a terreno en distintos puntos de la regi\u00f3n, para brindar<br>atenciones y tr\u00e1mites presenciales a la ciudadan\u00eda a trav\u00e9s de sus servicios dependientes y<br>relacionados, las cuales se retomar\u00e1n la pr\u00f3xima semana. En todas estas actividades territoriales<br>participar\u00e1 el Civil M\u00f3vil del Servicio de Registro Civil e Identificaci\u00f3n, con el apoyo en algunas<br>jornadas de la Oficina M\u00f3vil de la Corporaci\u00f3n de Asistencia Judicial (CAJ), y en otras en conjunto<br>con el Poder Judicial.<br>As\u00ed lo destac\u00f3 la Seremi de Justicia y Derechos Humanos, Michelle Peutat Alvarado, quien inform\u00f3<br>que la primera actividad de este periodo estival se desarrollar\u00e1 el mi\u00e9rcoles 11 de enero, de 10:00<br>a 13:00 horas en el Barrio 18 de Septiembre (en lugar a confirmar), la cual contar\u00e1 adem\u00e1s con la<br>Oficina M\u00f3vil de la CAJ.<br>El 18 de enero, se efectuar\u00e1n atenciones en Zona Franca durante la ma\u00f1ana. El 26 de enero, de<br>15:00 a 17:00 horas, el Registro Civil brindar\u00e1 atenciones junto a la CAJ durante la EXPO<br>Magallanes, en las afueras del Liceo Luis Alberto Barrera. Asimismo, el 4 de febrero el Registro<br>Civil concurrir\u00e1 para dar cobertura a la actividad del Asado m\u00e1s grande de Tierra del Fuego,<br>Porvenir (horario por confirmar).<br>El 8 de febrero se contempla un recorrido por barrios de Punta Arenas; el 14 de febrero se har\u00e1<br>presente el Registro Civil en Puerto Natales con la Uni\u00f3n Comunal de Juntas de Vecinos, junto a la<br>CAJ; y el 23 de febrero, de 15:00 a 17:00 horas, se contemplan atenciones del Registro Civil en el<br>supermercado Unimarc Sur.<br>La Seremi Michelle Peutat se mostr\u00f3 motivada, a la espera de \u201cpoder brindar una atenci\u00f3n en<br>materia jur\u00eddica y tambi\u00e9n de tr\u00e1mites que se puedan realizar, para que durante este periodo no<br>dejemos de tener un despliegue importante en terreno\u201d. En tanto, de marzo en adelante<br>retomar\u00e1n otras actividades territoriales como Plazas de Justicia y charlas tem\u00e1ticas, las cuales<br>ser\u00e1n informadas oportunamente.<\/p>\n","protected":false},"excerpt":{"rendered":"<p>Tal como se anunci\u00f3 en su momento, la Secretar\u00eda Regional Ministerial mantendr\u00e1 durante todoeste verano un cronograma de salidas a terreno en distintos puntos de la regi\u00f3n, para brindaratenciones y&#8230; <a class=\"read-more\" href=\"https:\/\/www.radiopresidenteibanez.cl\/web\/sector-justicia-sale-a-terreno-en-estas-vacaciones\/\">Leer m\u00e1s<\/a><\/p>\n","protected":false},"author":2,"featured_media":36342,"comment_status":"closed","ping_status":"closed","sticky":false,"template":"","format":"standard","meta":{"footnotes":""},"categories":[1],"tags":[],"class_list":["post-36341","post","type-post","status-publish","format-standard","has-post-thumbnail","hentry","category-cronica"],"_links":{"self":[{"href":"https:\/\/www.radiopresidenteibanez.cl\/web\/wp-json\/wp\/v2\/posts\/36341","targetHints":{"allow":["GET"]}}],"collection":[{"href":"https:\/\/www.radiopresidenteibanez.cl\/web\/wp-json\/wp\/v2\/posts"}],"about":[{"href":"https:\/\/www.radiopresidenteibanez.cl\/web\/wp-json\/wp\/v2\/types\/post"}],"author":[{"embeddable":true,"href":"https:\/\/www.radiopresidenteibanez.cl\/web\/wp-json\/wp\/v2\/users\/2"}],"replies":[{"embeddable":true,"href":"https:\/\/www.radiopresidenteibanez.cl\/web\/wp-json\/wp\/v2\/comments?post=36341"}],"version-history":[{"count":0,"href":"https:\/\/www.radiopresidenteibanez.cl\/web\/wp-json\/wp\/v2\/posts\/36341\/revisions"}],"wp:featuredmedia":[{"embeddable":true,"href":"https:\/\/www.radiopresidenteibanez.cl\/web\/wp-json\/wp\/v2\/media\/36342"}],"wp:attachment":[{"href":"https:\/\/www.radiopresidenteibanez.cl\/web\/wp-json\/wp\/v2\/media?parent=36341"}],"wp:term":[{"taxonomy":"category","embeddable":true,"href":"https:\/\/www.radiopresidenteibanez.cl\/web\/wp-json\/wp\/v2\/categories?post=36341"},{"taxonomy":"post_tag","embeddable":true,"href":"https:\/\/www.radiopresidenteibanez.cl\/web\/wp-json\/wp\/v2\/tags?post=36341"}],"curies":[{"name":"wp","href":"https:\/\/api.w.org\/{rel}","templated":true}]}}