{"id":3634,"date":"2019-04-24T00:02:04","date_gmt":"2019-04-24T00:02:04","guid":{"rendered":"http:\/\/www.radiopresidenteibanez.cl\/web\/?p=3634"},"modified":"2019-04-24T00:02:20","modified_gmt":"2019-04-24T00:02:20","slug":"capacitan-y-entregan-herramientas-a-jovenes-y-adultos-para-la-generacion-de-empleo","status":"publish","type":"post","link":"https:\/\/www.radiopresidenteibanez.cl\/web\/capacitan-y-entregan-herramientas-a-jovenes-y-adultos-para-la-generacion-de-empleo\/","title":{"rendered":"CAPACITAN Y ENTREGAN HERRAMIENTAS A J\u00d3VENES Y ADULTOS PARA LA GENERACI\u00d3N DE EMPLEO"},"content":{"rendered":"\n<p>Mejorar las condiciones de\nvida a personas en situaci\u00f3n de vulnerabilidad, mediante la generaci\u00f3n de\ningresos aut\u00f3nomos, es el objetivo principal del programa Yo Emprendo Semilla,\nel que est\u00e1 orientado para aquellos que est\u00e1n desocupados o con un empleo\nprecario. A trav\u00e9s de talleres de capacitaci\u00f3n, asistencia t\u00e9cnica, seguimiento\ny financiamiento de un plan de negocio, los participantes pueden concretar una\nidea de negocio.<\/p>\n\n\n\n<p>Rubros como la alimentaci\u00f3n,\nproductos textiles, servicios, entre otros, son los m\u00e1s demandados, y que en\nesta oportunidad benefici\u00f3 a 32 usuarios.<\/p>\n\n\n\n<p>En tanto, el programa Yo\nTrabajo J\u00f3venes ofrece apresto laboral y apoyo en general para la b\u00fasqueda de\nun empleo dependiente, adem\u00e1s del financiamiento de un plan destinado a la\nadquisici\u00f3n de servicios o bienes que favorezcan su inclusi\u00f3n en el mercado\nlaboral. En la comuna, 12 j\u00f3venes asistieron regularmente a esta iniciativa.<\/p>\n\n\n\n<p>\u201cSon para beneficiarios del\nsubsistema de Seguridades y Oportunidades, del Ministerio de Desarrollo Social\ny Familia, y que a trav\u00e9s de estos programas tienen varias l\u00edneas de trabajo,\ncomo por ejemplo, el rubro de la alimentaci\u00f3n, vestuario, accediendo a diversos\ntalleres de capacitaci\u00f3n. Trabajamos con dos ejecutores, FIDE XII y consultora\nAIRE\u2026 que tiene que ver con el haber trabajado con dos grupos que vienen a\nmejorar su calidad de vida y que les va a permitir un ingreso extra para la\nfamilia\u201d, explic\u00f3 la Seremi de Desarrollo Social y Familia, Liz Casanueva.<\/p>\n\n\n\n<p>Por su parte, el director\nregional del FOSIS, Hern\u00e1n Soto, manifest\u00f3 que \u201ccomo servicio p\u00fablico estamos\npermanentemente preocupados en entregar oportunidades a las personas y\nfamilias, que se encuentran en una situaci\u00f3n de vulnerabilidad o pobreza. Hoy\nhemos podido ver y compartir el exitoso resultado de estos dos programas, el Yo\ntrabajo J\u00f3venes y el Yo Emprendo Semilla, enfocados en usuarios del subsistema\nde Seguridades y Oportunidades\u201d <\/p>\n\n\n\n<p>La ceremonia de certificaci\u00f3n de las iniciativas cont\u00f3 con la participaci\u00f3n del gobernador provincial de Magallanes, Homero Villegas; la Seremi de Gobierno, Alejandra Mu\u00f1oz; la Seremi de Desarrollo Social y Familia, Liz Casanueva; y el director regional del FOSIS, Hern\u00e1n Soto, quienes hicieron entrega del merecido reconocimiento a los usuarios de ambos proyectos, que significaron una inversi\u00f3n que super\u00f3 los 30 millones de pesos. <\/p>\n\n\n\n<figure class=\"wp-block-image\"><img loading=\"lazy\" decoding=\"async\" width=\"900\" height=\"675\" src=\"https:\/\/www.radiopresidenteibanez.cl\/web\/wp-content\/uploads\/2019\/04\/1-4.jpg\" alt=\"\" class=\"wp-image-3635\" srcset=\"https:\/\/www.radiopresidenteibanez.cl\/web\/wp-content\/uploads\/2019\/04\/1-4.jpg 900w, https:\/\/www.radiopresidenteibanez.cl\/web\/wp-content\/uploads\/2019\/04\/1-4-300x225.jpg 300w, https:\/\/www.radiopresidenteibanez.cl\/web\/wp-content\/uploads\/2019\/04\/1-4-768x576.jpg 768w\" sizes=\"auto, (max-width: 900px) 100vw, 900px\" \/><\/figure>\n","protected":false},"excerpt":{"rendered":"<p>Mejorar las condiciones de vida a personas en situaci\u00f3n de vulnerabilidad, mediante la generaci\u00f3n de ingresos aut\u00f3nomos, es el objetivo principal del programa Yo Emprendo Semilla, el que est\u00e1 orientado&#8230; <a class=\"read-more\" href=\"https:\/\/www.radiopresidenteibanez.cl\/web\/capacitan-y-entregan-herramientas-a-jovenes-y-adultos-para-la-generacion-de-empleo\/\">Leer m\u00e1s<\/a><\/p>\n","protected":false},"author":2,"featured_media":3635,"comment_status":"closed","ping_status":"closed","sticky":false,"template":"","format":"standard","meta":{"footnotes":""},"categories":[1],"tags":[],"class_list":["post-3634","post","type-post","status-publish","format-standard","has-post-thumbnail","hentry","category-cronica"],"_links":{"self":[{"href":"https:\/\/www.radiopresidenteibanez.cl\/web\/wp-json\/wp\/v2\/posts\/3634","targetHints":{"allow":["GET"]}}],"collection":[{"href":"https:\/\/www.radiopresidenteibanez.cl\/web\/wp-json\/wp\/v2\/posts"}],"about":[{"href":"https:\/\/www.radiopresidenteibanez.cl\/web\/wp-json\/wp\/v2\/types\/post"}],"author":[{"embeddable":true,"href":"https:\/\/www.radiopresidenteibanez.cl\/web\/wp-json\/wp\/v2\/users\/2"}],"replies":[{"embeddable":true,"href":"https:\/\/www.radiopresidenteibanez.cl\/web\/wp-json\/wp\/v2\/comments?post=3634"}],"version-history":[{"count":0,"href":"https:\/\/www.radiopresidenteibanez.cl\/web\/wp-json\/wp\/v2\/posts\/3634\/revisions"}],"wp:featuredmedia":[{"embeddable":true,"href":"https:\/\/www.radiopresidenteibanez.cl\/web\/wp-json\/wp\/v2\/media\/3635"}],"wp:attachment":[{"href":"https:\/\/www.radiopresidenteibanez.cl\/web\/wp-json\/wp\/v2\/media?parent=3634"}],"wp:term":[{"taxonomy":"category","embeddable":true,"href":"https:\/\/www.radiopresidenteibanez.cl\/web\/wp-json\/wp\/v2\/categories?post=3634"},{"taxonomy":"post_tag","embeddable":true,"href":"https:\/\/www.radiopresidenteibanez.cl\/web\/wp-json\/wp\/v2\/tags?post=3634"}],"curies":[{"name":"wp","href":"https:\/\/api.w.org\/{rel}","templated":true}]}}