{"id":36332,"date":"2023-01-09T08:42:00","date_gmt":"2023-01-09T11:42:00","guid":{"rendered":"https:\/\/www.radiopresidenteibanez.cl\/web\/?p=36332"},"modified":"2023-01-09T09:26:00","modified_gmt":"2023-01-09T12:26:00","slug":"una-vida-que-celebrar","status":"publish","type":"post","link":"https:\/\/www.radiopresidenteibanez.cl\/web\/una-vida-que-celebrar\/","title":{"rendered":"UNA VIDA QUE CELEBRAR"},"content":{"rendered":"\n<p>Amigos y amigas, para quienes pasamos ni\u00f1ez y adolescencia viviendo en dictadura, el<br>asumir tempranamente un compromiso pol\u00edtico, fue algo natural. En medio del horror y la<br>brutalidad del r\u00e9gimen, cientos de miles de j\u00f3venes de todo el pa\u00eds, se sumaron a m\u00faltiples<br>organizaciones de base, aportando para recuperar la libertad. Entre esos miles, hubo otros<br>tantos, que, en medio de la persecuci\u00f3n y prohibici\u00f3n de los partidos de izquierda, asumimos<br>con un entusiasmo y arrojo, lo que hoy puede parecer ut\u00f3pico, derrotar a la dictadura y<br>restablecer el gobierno popular. Hoy se puede ver como una lucha rom\u00e1ntica, pero fue<br>much\u00edsimo m\u00e1s que eso, fue una parte importante de nuestras vidas. Crecimos y nos<br>desarrollamos, vinculados siempre por esos lazos inquebrantables, por una hermandad de<br>hombres y mujeres, unidos por un ideal libertario y revolucionario. Sin conocer nombre ni se\u00f1a,<br>como dice la canci\u00f3n, confiando la vida, al que estaba a tu lado. Entregando todo, sin guardarse<br>nada. As\u00ed vivimos esa \u00e9poca, muchos (as) de nosotros (as), ajenos a la actual din\u00e1mica del<br>poder, donde el altruismo es escaso. Cientos de j\u00f3venes no vieron el ma\u00f1ana, vidas en flor,<br>truncadas violentamente, ellos y ellas, quedaron para siempre en nuestro recuerdo. La vida no<br>val\u00eda la pena, si no era para entregarla, a ese amor, que nos llenaba, que le daba sentido a la<br>existencia. Era lo que, en medio del temor y la persecuci\u00f3n, nos regalaba una felicidad inmensa.<br>La lucha por la libertad y la democracia, no era para medias tintas, no era para compromisos a<br>medias. As\u00ed lo entendi\u00f3 tempranamente, una jovenc\u00edsima mujer, de cabellera rubia y ojos<br>azules. Una mujer bella y comprometida, que fue una estudiante brillante en la Universidad de<br>Chile y dirigente social y pol\u00edtica destacada. Inici\u00f3 all\u00ed en esas luchas primigenias, lo que ser\u00eda<br>una vida entera entregada a la causa social, a la lucha contra la desigualdad, y a la lucha por los<br>derechos de la mujer. Ella supo mantener siempre, ese fuego interior, esa llama, que invitaba a<br>otros (as) a seguir adelante, a unirse a esta tarea larga, de construir un pa\u00eds m\u00e1s justo. Asumi\u00f3<br>en su carrera pol\u00edtica, como socialista, y luego como independiente de izquierda, la tarea de<br>recuperar el viejo puerto de Valpara\u00edso, de la situaci\u00f3n deplorable en que se encontraba. Libr\u00f3<br>una lucha desigual como concejal, y luego en hombros de los pobladores de los cerros<br>porte\u00f1os, se alz\u00f3 como pre candidata a la alcald\u00eda de Valpara\u00edso. Debi\u00f3 enfrentar con la<br>entereza y dignidad que la caracterizaba, el chaqueteo y bajezas de la pol\u00edtica porte\u00f1a. Dotada<br>de una inteligencia superior, ella anticip\u00f3 lo que ser\u00eda la debacle de los partidos tradicionales<br>del progresismo, y abraz\u00f3 tempranamente la candidatura del actual alcalde Sharp.<br>Hace un a\u00f1o, tuve el privilegio de recibirla ac\u00e1 en Magallanes, junto a sus amados hijo e<br>hijas. Con la generosidad que la caracterizaba me regal\u00f3 esa visita, en la que hicimos muchos<br>recuerdos, y compartimos en la intimidad de mi hogar. Mis hijos y los suyos compartiendo, en<br>esa fraternidad, que espero dure para siempre.<br>Hoy se hacen merecidos homenajes, por su trayectoria pol\u00edtica, donde destac\u00f3 como<br>ministra de la presidenta Bachelet, o por su trabajo de d\u00e9cadas en la lucha feminista. Tambi\u00e9n<br>reconocimientos a su trayectoria acad\u00e9mica, donde para admiraci\u00f3n de todos, dedic\u00f3 sus<br>\u00faltimos esfuerzos a concluir su doctorado, el que rindi\u00f3 con honores, hace escasas semanas.<\/p>\n\n\n\n<p>Un viejo amigo del puerto, poeta popular, Carlos Mu\u00f1oz \u201cEl diantre\u201d, compuso una<br>cueca, para que se cante y se baile en homenaje a esta mujer tremenda, creo que eso le<br>hubiera gustado, y nos regalar\u00eda una hermosa sonrisa.<br>En los tiempos de crispaci\u00f3n pol\u00edtica que vivimos en Chile, es cuando m\u00e1s necesitamos<br>que el liderazgo pol\u00edtico, beba de las buenas experiencias. La \u00e9pica se construye con hechos<br>concretos, el respeto, la admiraci\u00f3n se conquista con una vida de entrega, de generosidad.<br>Entrega absoluta a las causas justas, sin medirse, sin guardarse nada. No apurarse en encontrar<br>ni reconocimientos, ni aplausos, que son pasajeros. En la lucha social y pol\u00edtica, la historia se<br>escribe y se construye, de multiplicidad de historias personales, de actores conocidos y menos<br>conocidos.<br>Cuando lleg\u00f3 la hora de su partida, en el balance final, s\u00f3lo cosas bellas, una vida de<br>compromiso, de entrega, de generosidad, una trayectoria de ense\u00f1anzas. Esta despedida, es<br>para celebrar su vida, una vida plena, ejemplar, para que quienes lean o escuchen de su<br>historia, jam\u00e1s dejen de perseguir sus sue\u00f1os, que luchen hasta el final por sus convicciones y<br>enfrenten el ma\u00f1ana sin temor.<br>Ella fue, como dec\u00eda su amado padre, mi distinguido primo Hern\u00e1n Quintana, la mejor<br>entre las mejores. Que lo sepan todos, ha partido una amiga y compa\u00f1era. A Paula Quintana,<br>honor y gloria.<\/p>\n","protected":false},"excerpt":{"rendered":"<p>Amigos y amigas, para quienes pasamos ni\u00f1ez y adolescencia viviendo en dictadura, elasumir tempranamente un compromiso pol\u00edtico, fue algo natural. En medio del horror y labrutalidad del r\u00e9gimen, cientos de&#8230; <a class=\"read-more\" href=\"https:\/\/www.radiopresidenteibanez.cl\/web\/una-vida-que-celebrar\/\">Leer m\u00e1s<\/a><\/p>\n","protected":false},"author":2,"featured_media":36333,"comment_status":"closed","ping_status":"closed","sticky":false,"template":"","format":"standard","meta":{"footnotes":""},"categories":[1],"tags":[],"class_list":["post-36332","post","type-post","status-publish","format-standard","has-post-thumbnail","hentry","category-cronica"],"_links":{"self":[{"href":"https:\/\/www.radiopresidenteibanez.cl\/web\/wp-json\/wp\/v2\/posts\/36332","targetHints":{"allow":["GET"]}}],"collection":[{"href":"https:\/\/www.radiopresidenteibanez.cl\/web\/wp-json\/wp\/v2\/posts"}],"about":[{"href":"https:\/\/www.radiopresidenteibanez.cl\/web\/wp-json\/wp\/v2\/types\/post"}],"author":[{"embeddable":true,"href":"https:\/\/www.radiopresidenteibanez.cl\/web\/wp-json\/wp\/v2\/users\/2"}],"replies":[{"embeddable":true,"href":"https:\/\/www.radiopresidenteibanez.cl\/web\/wp-json\/wp\/v2\/comments?post=36332"}],"version-history":[{"count":0,"href":"https:\/\/www.radiopresidenteibanez.cl\/web\/wp-json\/wp\/v2\/posts\/36332\/revisions"}],"wp:featuredmedia":[{"embeddable":true,"href":"https:\/\/www.radiopresidenteibanez.cl\/web\/wp-json\/wp\/v2\/media\/36333"}],"wp:attachment":[{"href":"https:\/\/www.radiopresidenteibanez.cl\/web\/wp-json\/wp\/v2\/media?parent=36332"}],"wp:term":[{"taxonomy":"category","embeddable":true,"href":"https:\/\/www.radiopresidenteibanez.cl\/web\/wp-json\/wp\/v2\/categories?post=36332"},{"taxonomy":"post_tag","embeddable":true,"href":"https:\/\/www.radiopresidenteibanez.cl\/web\/wp-json\/wp\/v2\/tags?post=36332"}],"curies":[{"name":"wp","href":"https:\/\/api.w.org\/{rel}","templated":true}]}}