{"id":36329,"date":"2023-01-08T17:21:00","date_gmt":"2023-01-08T20:21:00","guid":{"rendered":"https:\/\/www.radiopresidenteibanez.cl\/web\/?p=36329"},"modified":"2023-01-08T12:43:48","modified_gmt":"2023-01-08T15:43:48","slug":"subsecretaria-del-trabajo-entrega-sello-40-horas-a-fundacion-prodemu","status":"publish","type":"post","link":"https:\/\/www.radiopresidenteibanez.cl\/web\/subsecretaria-del-trabajo-entrega-sello-40-horas-a-fundacion-prodemu\/","title":{"rendered":"SUBSECRETAR\u00cdA DEL TRABAJO ENTREGA SELLO 40 HORAS A FUNDACI\u00d3N PRODEMU"},"content":{"rendered":"\n<p>En una amena ceremonia realizada en las dependencias de la Fundaci\u00f3n Prodemu, el<br>subsecretario del Trabajo, Giorgio Boccardo, junto a la directora nacional, Marcela Sandoval,<br>celebraron con las y los funcionarios de esta instituci\u00f3n al ser una m\u00e1s en certificarse por<br>implementar una jornada laboral de 40 horas semanales, como una acci\u00f3n concreta de fomento al<br>trabajo decente y al desarrollo de un buen vivir.<br>Para la Fundaci\u00f3n, que tiene presencia en todas las regiones, el trabajo decente sintetiza las<br>aspiraciones de los y las trabajadoras durante su vida laboral y significa una oportunidad para<br>acceder a un empleo productivo que genere un ingreso justo, adem\u00e1s de seguridad y protecci\u00f3n<br>social para sus familias. Asimismo, mejores perspectivas de desarrollo personal e integraci\u00f3n social<br>y el espacio de libertad para que cada uno exprese sus opiniones, se organicen y sean aut\u00f3nomas<br>y aut\u00f3nomos.<br>En la ocasi\u00f3n, el subsecretario Boccardo valor\u00f3 \u201cel trabajo que ha hecho Prodemu y porque tienen<br>esta jornada de 40 horas hace mucho tiempo, lo que implica tambi\u00e9n fortalecer las relaciones<br>laborales en la instituci\u00f3n. Adem\u00e1s, reconocemos el avance que tiene este proyecto de ley en el<br>Congreso, ya que es nuestro objetivo que esta realidad que est\u00e1n haciendo las empresas e<br>instituciones que voluntariamente est\u00e1n reduciendo las jornadas laborales, queremos que sea una<br>realidad para todo el pa\u00eds\u201d.<br>En tanto, la directora nacional de Prodemu se\u00f1al\u00f3 que \u201csomos una fundaci\u00f3n creada para trabajar<br>con las mujeres y sus derechos, tambi\u00e9n anhelamos que exista en Chile y que avance la legislaci\u00f3n<br>por las 40 horas, la que va a permitir generar marcos de trabajo que no reducen la eficiencia, ni<br>productividad, tal como est\u00e1 demostrado, si no que por el contrario incentiva a que las y los<br>trabajadores sientan mucha m\u00e1s pertenencia\u201d.<br>Este \u201cSello 40 Horas\u201d, al que han postulado m\u00e1s de 1.300 organizaciones, es un patrocinio del<br>Ministerio del Trabajo y Previsi\u00f3n Social para la promoci\u00f3n de actividades durante el periodo de<br>un a\u00f1o, pudiendo prorrogarse, previa acreditaci\u00f3n de seguir cumpliendo con los requisitos<br>exigidos.<br>Para obtener esta certificaci\u00f3n, la instituci\u00f3n debe cumplir con tres requisitos: tener contratado a<br>lo menos el 80% de los trabajadores y las trabajadoras con una jornada ordinaria que no superen<\/p>\n\n\n\n<p>40 horas ni menos de 30 horas laborales semanales; no haber sido condenada por vulneraci\u00f3n a<br>los derechos fundamentales; y estar al d\u00eda en el pago de las obligaciones previsionales.<br>Durante la jornada, en la que tambi\u00e9n estuvo presente la directora de Personas de Prodemu,<br>Soledad Candia, adem\u00e1s de las autoridades que entregaron sus saludos y felicitaciones; frente a<br>ellos y en representaci\u00f3n de las y los funcionarios, Josefina Mendoza, expres\u00f3 que \u201ces un agrado<br>testimoniar este beneficio, el que agradezco mucho\u201d; asimismo, puntualiz\u00f3 que \u201clas generaciones<br>nuevas han ido valorando una conversaci\u00f3n muy importante que es el tiempo. Y en eso es que<br>encuadramos este sello de 40 Horas. Llevo 17 a\u00f1os trabajando en Prodemu. Me siento muy<br>contenta y privilegiada de estar en esta Fundaci\u00f3n. Y me gustar\u00eda mucho que Chile se convirtiera<br>en un pa\u00eds con instituciones p\u00fablicas y privadas que tengan este sello como parte de lo que<br>valoramos m\u00e1s\u201d, concluy\u00f3.<\/p>\n","protected":false},"excerpt":{"rendered":"<p>En una amena ceremonia realizada en las dependencias de la Fundaci\u00f3n Prodemu, elsubsecretario del Trabajo, Giorgio Boccardo, junto a la directora nacional, Marcela Sandoval,celebraron con las y los funcionarios de&#8230; <a class=\"read-more\" href=\"https:\/\/www.radiopresidenteibanez.cl\/web\/subsecretaria-del-trabajo-entrega-sello-40-horas-a-fundacion-prodemu\/\">Leer m\u00e1s<\/a><\/p>\n","protected":false},"author":2,"featured_media":36330,"comment_status":"closed","ping_status":"closed","sticky":false,"template":"","format":"standard","meta":{"footnotes":""},"categories":[1],"tags":[],"class_list":["post-36329","post","type-post","status-publish","format-standard","has-post-thumbnail","hentry","category-cronica"],"_links":{"self":[{"href":"https:\/\/www.radiopresidenteibanez.cl\/web\/wp-json\/wp\/v2\/posts\/36329","targetHints":{"allow":["GET"]}}],"collection":[{"href":"https:\/\/www.radiopresidenteibanez.cl\/web\/wp-json\/wp\/v2\/posts"}],"about":[{"href":"https:\/\/www.radiopresidenteibanez.cl\/web\/wp-json\/wp\/v2\/types\/post"}],"author":[{"embeddable":true,"href":"https:\/\/www.radiopresidenteibanez.cl\/web\/wp-json\/wp\/v2\/users\/2"}],"replies":[{"embeddable":true,"href":"https:\/\/www.radiopresidenteibanez.cl\/web\/wp-json\/wp\/v2\/comments?post=36329"}],"version-history":[{"count":0,"href":"https:\/\/www.radiopresidenteibanez.cl\/web\/wp-json\/wp\/v2\/posts\/36329\/revisions"}],"wp:featuredmedia":[{"embeddable":true,"href":"https:\/\/www.radiopresidenteibanez.cl\/web\/wp-json\/wp\/v2\/media\/36330"}],"wp:attachment":[{"href":"https:\/\/www.radiopresidenteibanez.cl\/web\/wp-json\/wp\/v2\/media?parent=36329"}],"wp:term":[{"taxonomy":"category","embeddable":true,"href":"https:\/\/www.radiopresidenteibanez.cl\/web\/wp-json\/wp\/v2\/categories?post=36329"},{"taxonomy":"post_tag","embeddable":true,"href":"https:\/\/www.radiopresidenteibanez.cl\/web\/wp-json\/wp\/v2\/tags?post=36329"}],"curies":[{"name":"wp","href":"https:\/\/api.w.org\/{rel}","templated":true}]}}