{"id":36326,"date":"2023-01-08T16:07:00","date_gmt":"2023-01-08T19:07:00","guid":{"rendered":"https:\/\/www.radiopresidenteibanez.cl\/web\/?p=36326"},"modified":"2023-01-08T12:19:25","modified_gmt":"2023-01-08T15:19:25","slug":"magallanes-lidera-nueva-politica-de-cuidado-de-enfermos-yadultos-mayores","status":"publish","type":"post","link":"https:\/\/www.radiopresidenteibanez.cl\/web\/magallanes-lidera-nueva-politica-de-cuidado-de-enfermos-yadultos-mayores\/","title":{"rendered":"MAGALLANES LIDERA NUEVA POL\u00cdTICA DE CUIDADO DE ENFERMOS Y<br>ADULTOS MAYORES"},"content":{"rendered":"\n<p>Magallanes es la primera regi\u00f3n de Chile en<br>desarrollar un plan de cuidado para personas enfermas y adultos mayores, iniciativa que busca<br>entregar herramientas a quienes asumen el cuidado de alg\u00fan familiar o bien trabajan en centros<br>de acogida, procurando resguardar su salud mental y f\u00edsica mientras desarrollan esa labor.<br>Con este desaf\u00edo asumido, durante el mes de diciembre se desarrollaron dos cursos de Cuidados a<br>enfermos y adultos mayores, iniciativa gestionada por el Gobierno Regional de Magallanes y<br>Sernameg, que cont\u00f3 con el apoyo de ENAP. El curso fue ejecutado por la OTEC IK Capacitaciones,<br>bajo certificaci\u00f3n del Sence. Esta iniciativa permiti\u00f3 capacitar a 31 mujeres de Punta Arenas,<br>quienes agradecieron la oportunidad de mejorar la calidad de vida de sus familiares y la propia.<br>\u201cEs super importante no solo para la vida personal, sino para la vida familiar. Cuando uno tiene<br>familiares que sufren alg\u00fan accidente o enfermedad grave, es s\u00faper importante saber<br>sobrellevarlos y no quedarse esperando que otros te ayuden. Hay que responder bien ante las<br>adversidades y para eso son estos cursos nos entregan herramientas que nos sirven en el d\u00eda a d\u00eda,<br>ya que podemos manejar mejor a los enfermos en la casa, no nos perjudica tanto en la salud, son<br>herramientas invaluables, porque nos hacen la vida m\u00e1s f\u00e1cil\u201d, expres\u00f3 M\u00f3nica Oyarzo, una de las<br>alumnas.<br>El contenido del curso incluy\u00f3 aprendizaje para relacionar caracter\u00edsticas biol\u00f3gicas y funcionales,<br>como tambi\u00e9n el contexto nacional y legal en el que se encuentra los adultos mayores; establecer<br>caracter\u00edsticas y necesidades propias del envejecimiento desde lo corporal, emocional y familiar;<br>utilizar t\u00e9cnicas y\/o cuidados preventivos; emplear t\u00e9cnicas de autocuidado; y utilizar pautas de<br>planificaci\u00f3n y autoevaluaci\u00f3n respecto a actividades asociadas al cuidado del adulto mayor, entre<br>otros.<br>La ceremonia de cierre cont\u00f3 con la presencia del Gobernador Regional Jorge Flies; Mar\u00eda Jos\u00e9<br>Madrid, de Sernameg; y Alfonso Pacheco, jefe de Comunidades de ENAP Magallanes. \u201cEstamos<br>muy contentos con esta hermosa ceremonia, donde se cierra la preparaci\u00f3n de mujeres que<br>cumplen la vital labor de cuidar a otras personas. Hay que visibilizar esta realidad, entendiendo<br>que gracias a la labor que mujeres y hombres realizan, pero mayoritariamente mujeres, el pa\u00eds<br>crece en otros \u00e1mbitos. En Magallanes estamos conscientes de ello, con una pol\u00edtica regional de<br>cuidado, donde todos son importantes. Por eso felicito a ENAP, porque con mucha sensibilidad, ha<br>tomado el guante y ha apoyado presupuestariamente, pero tambi\u00e9n en su marco de extensi\u00f3n y<br>responsabilidad social de la empresa, para, a trav\u00e9s de Sence, concretar estos cursos\u201d, expres\u00f3 el<\/p>\n\n\n\n<p>gobernador, quien destac\u00f3 que el Ministerio de Desarrollo Social, a nivel central, est\u00e1 mirando el<br>trabajo de Magallanes para ver la posibilidad de replicarlo como Programa Nacional.<br>Por parte de ENAP, Alfonso Pacheco, agradeci\u00f3 la confianza y destac\u00f3 los buenos resultados que<br>tuvo la empresa en 2022 en materia de capacitaciones. \u201cComo ENAP nos planteamos un objetivo a<br>comienzo de a\u00f1o. Uno era llegar a la mayor cantidad de gente posible y con mayor \u00e9nfasis en las<br>mujeres, y con mucho orgullo y satisfacci\u00f3n puedo decir que lo hemos cumplido. Hemos cerrado<br>un a\u00f1o con 25 cursos presenciales, hemos capacitado a cerca de 500 personas y el 69% son<br>mujeres. Esperamos seguir en esa senda y ojal\u00e1 en esta alianza virtuosa que se produce con los<br>servicios p\u00fablicos, con otras organizaciones y el sector privado para ir en apoyo de los habitantes<br>de la regi\u00f3n.<\/p>\n","protected":false},"excerpt":{"rendered":"<p>Magallanes es la primera regi\u00f3n de Chile endesarrollar un plan de cuidado para personas enfermas y adultos mayores, iniciativa que buscaentregar herramientas a quienes asumen el cuidado de alg\u00fan familiar&#8230; <a class=\"read-more\" href=\"https:\/\/www.radiopresidenteibanez.cl\/web\/magallanes-lidera-nueva-politica-de-cuidado-de-enfermos-yadultos-mayores\/\">Leer m\u00e1s<\/a><\/p>\n","protected":false},"author":2,"featured_media":36327,"comment_status":"closed","ping_status":"closed","sticky":false,"template":"","format":"standard","meta":{"footnotes":""},"categories":[1],"tags":[],"class_list":["post-36326","post","type-post","status-publish","format-standard","has-post-thumbnail","hentry","category-cronica"],"_links":{"self":[{"href":"https:\/\/www.radiopresidenteibanez.cl\/web\/wp-json\/wp\/v2\/posts\/36326","targetHints":{"allow":["GET"]}}],"collection":[{"href":"https:\/\/www.radiopresidenteibanez.cl\/web\/wp-json\/wp\/v2\/posts"}],"about":[{"href":"https:\/\/www.radiopresidenteibanez.cl\/web\/wp-json\/wp\/v2\/types\/post"}],"author":[{"embeddable":true,"href":"https:\/\/www.radiopresidenteibanez.cl\/web\/wp-json\/wp\/v2\/users\/2"}],"replies":[{"embeddable":true,"href":"https:\/\/www.radiopresidenteibanez.cl\/web\/wp-json\/wp\/v2\/comments?post=36326"}],"version-history":[{"count":0,"href":"https:\/\/www.radiopresidenteibanez.cl\/web\/wp-json\/wp\/v2\/posts\/36326\/revisions"}],"wp:featuredmedia":[{"embeddable":true,"href":"https:\/\/www.radiopresidenteibanez.cl\/web\/wp-json\/wp\/v2\/media\/36327"}],"wp:attachment":[{"href":"https:\/\/www.radiopresidenteibanez.cl\/web\/wp-json\/wp\/v2\/media?parent=36326"}],"wp:term":[{"taxonomy":"category","embeddable":true,"href":"https:\/\/www.radiopresidenteibanez.cl\/web\/wp-json\/wp\/v2\/categories?post=36326"},{"taxonomy":"post_tag","embeddable":true,"href":"https:\/\/www.radiopresidenteibanez.cl\/web\/wp-json\/wp\/v2\/tags?post=36326"}],"curies":[{"name":"wp","href":"https:\/\/api.w.org\/{rel}","templated":true}]}}