{"id":3631,"date":"2019-04-23T23:57:58","date_gmt":"2019-04-23T23:57:58","guid":{"rendered":"http:\/\/www.radiopresidenteibanez.cl\/web\/?p=3631"},"modified":"2019-04-23T23:58:37","modified_gmt":"2019-04-23T23:58:37","slug":"alcalde-natalino-visita-avances-de-obras-del-parque-recreativo-carlos-espana","status":"publish","type":"post","link":"https:\/\/www.radiopresidenteibanez.cl\/web\/alcalde-natalino-visita-avances-de-obras-del-parque-recreativo-carlos-espana\/","title":{"rendered":"ALCALDE NATALINO VISITA AVANCES DE OBRAS  DEL PARQUE RECREATIVO \u201cCARLOS ESPA\u00d1A\u201d"},"content":{"rendered":"\n<p>Este martes se\nrealiz\u00f3 la visita programada por el municipio a la construcci\u00f3n del espacio\np\u00fablico recreativo de la Avenida Santiago Bueras, entre las calles Miraflores y\nBalmaceda, el reconocimiento estuvo guiada por Manuel Gallardo, Ingeniero\nConstructor encargado de las obras, el cual mostr\u00f3 los avances de la\nconstrucci\u00f3n a las autoridades locales.<\/p>\n\n\n\n<p>Esta remodelaci\u00f3n\nse enmarca en el anhelo de todos los vecinos que forman parte de la Junta\nVecinal N\u00b03, los cuales colindan directamente con el terreno intervenido. El\nparque recreativo permitir\u00e1 eliminar el foco de inseguridad que all\u00ed se formaba\npor la falta de iluminaci\u00f3n, transform\u00e1ndolo en un espacio p\u00fablico de calidad para\nlos ni\u00f1os y adultos mayores.<\/p>\n\n\n\n<p>&nbsp;El Alcalde Natalino, Fernando Paredes Mansilla\nse mostr\u00f3 orgulloso por esta obra, se\u00f1alando que este proyecto va en la l\u00ednea\nde seguir entregando estructuras recreativas en Natales. \u201cEl trabajo de nuestro\nConcejo Municipal, una vez m\u00e1s se ve testimoniado en recuperar un espacio\np\u00fablico que es una demanda que nos plantea siempre la comunidad, ya sea para\ndarle un espacio a nuestra juventud o a nuestros ni\u00f1os. Pero tambi\u00e9n que esto\nvaya emparejado para ir solucionando el componente de seguridad ciudadana que\ntanta falta hace en nuestra ciudad\u201d, sostuvo.<\/p>\n\n\n\n<p>Por su parte,\nHugo Ojeda, Subgerente t\u00e9cnico de la Constructora \u201cNatales Nativo\u201d a cargo del\ndesarrollo del proyecto, destac\u00f3 el positivo avance que han tenido con la obra.\n\u201cComo empresa hemos asumido este desaf\u00edo rescatando todas las mejoras que se\nhan hecho a este proyecto por parte de la municipalidad, se ha mejorado\nbastante respecto del proyecto inicial, as\u00ed tambi\u00e9n, nosotros hemos respondido\ncon el aumento de las garant\u00edas y hemos puesto todo nuestro equipo para que\nnuestra empresa pueda abordar de mejor manera este proyecto\u201d. &nbsp;&nbsp;<\/p>\n\n\n\n<p>El cuerpo de\nconcejales destac\u00f3 la vista del nuevo mirador que tendr\u00e1 el Parque \u201cCarlos\nEspa\u00f1a\u201d e hizo un llamado a la comunidad a cuidar este nuevo espacio p\u00fablico\npara todos los vecinos de Natales y visitantes de nuestra ciudad.<\/p>\n\n\n\n<p>El parque\ncuenta con una inversi\u00f3n total de $603.442.026 y con un terreno disponible de\n2.620 m\u00b2 en tres\nplantas, las que dispondr\u00e1n de una cancha, juegos infantiles y un mirador de la\nciudad. El lugar pas\u00f3 de ser un terreno bald\u00edo y carente de iluminaci\u00f3n a un\nespacio de uso com\u00fan que beneficiar\u00e1 a todos los natalinos. <\/p>\n\n\n\n<p>El proyecto es financiado gracias a la postulaci\u00f3n por parte del municipio al Fondo Nacional de Desarrollo Regional (FNDR) del Gobierno Regional, entregando un espacio inexistente a la comunidad local. La finalizaci\u00f3n de estas obras se proyecta para la tercera semana de mayo.<\/p>\n\n\n\n<figure class=\"wp-block-image\"><img loading=\"lazy\" decoding=\"async\" width=\"900\" height=\"600\" src=\"https:\/\/www.radiopresidenteibanez.cl\/web\/wp-content\/uploads\/2019\/04\/039A2784.jpg\" alt=\"\" class=\"wp-image-3632\" srcset=\"https:\/\/www.radiopresidenteibanez.cl\/web\/wp-content\/uploads\/2019\/04\/039A2784.jpg 900w, https:\/\/www.radiopresidenteibanez.cl\/web\/wp-content\/uploads\/2019\/04\/039A2784-300x200.jpg 300w, https:\/\/www.radiopresidenteibanez.cl\/web\/wp-content\/uploads\/2019\/04\/039A2784-768x512.jpg 768w\" sizes=\"auto, (max-width: 900px) 100vw, 900px\" \/><\/figure>\n","protected":false},"excerpt":{"rendered":"<p>Este martes se realiz\u00f3 la visita programada por el municipio a la construcci\u00f3n del espacio p\u00fablico recreativo de la Avenida Santiago Bueras, entre las calles Miraflores y Balmaceda, el reconocimiento&#8230; <a class=\"read-more\" href=\"https:\/\/www.radiopresidenteibanez.cl\/web\/alcalde-natalino-visita-avances-de-obras-del-parque-recreativo-carlos-espana\/\">Leer m\u00e1s<\/a><\/p>\n","protected":false},"author":2,"featured_media":3632,"comment_status":"closed","ping_status":"closed","sticky":false,"template":"","format":"standard","meta":{"footnotes":""},"categories":[1],"tags":[],"class_list":["post-3631","post","type-post","status-publish","format-standard","has-post-thumbnail","hentry","category-cronica"],"_links":{"self":[{"href":"https:\/\/www.radiopresidenteibanez.cl\/web\/wp-json\/wp\/v2\/posts\/3631","targetHints":{"allow":["GET"]}}],"collection":[{"href":"https:\/\/www.radiopresidenteibanez.cl\/web\/wp-json\/wp\/v2\/posts"}],"about":[{"href":"https:\/\/www.radiopresidenteibanez.cl\/web\/wp-json\/wp\/v2\/types\/post"}],"author":[{"embeddable":true,"href":"https:\/\/www.radiopresidenteibanez.cl\/web\/wp-json\/wp\/v2\/users\/2"}],"replies":[{"embeddable":true,"href":"https:\/\/www.radiopresidenteibanez.cl\/web\/wp-json\/wp\/v2\/comments?post=3631"}],"version-history":[{"count":0,"href":"https:\/\/www.radiopresidenteibanez.cl\/web\/wp-json\/wp\/v2\/posts\/3631\/revisions"}],"wp:featuredmedia":[{"embeddable":true,"href":"https:\/\/www.radiopresidenteibanez.cl\/web\/wp-json\/wp\/v2\/media\/3632"}],"wp:attachment":[{"href":"https:\/\/www.radiopresidenteibanez.cl\/web\/wp-json\/wp\/v2\/media?parent=3631"}],"wp:term":[{"taxonomy":"category","embeddable":true,"href":"https:\/\/www.radiopresidenteibanez.cl\/web\/wp-json\/wp\/v2\/categories?post=3631"},{"taxonomy":"post_tag","embeddable":true,"href":"https:\/\/www.radiopresidenteibanez.cl\/web\/wp-json\/wp\/v2\/tags?post=3631"}],"curies":[{"name":"wp","href":"https:\/\/api.w.org\/{rel}","templated":true}]}}