{"id":36296,"date":"2023-01-07T12:25:25","date_gmt":"2023-01-07T15:25:25","guid":{"rendered":"https:\/\/www.radiopresidenteibanez.cl\/web\/?p=36296"},"modified":"2023-01-07T12:25:34","modified_gmt":"2023-01-07T15:25:34","slug":"servicio-local-de-educacion-explico-alcances-del-proceso-de-traspaso-del-servicio-educativo-a-anef-magallanes","status":"publish","type":"post","link":"https:\/\/www.radiopresidenteibanez.cl\/web\/servicio-local-de-educacion-explico-alcances-del-proceso-de-traspaso-del-servicio-educativo-a-anef-magallanes\/","title":{"rendered":"<strong>SERVICIO LOCAL DE EDUCACI\u00d3N EXPLIC\u00d3 ALCANCES DEL PROCESO DE TRASPASO DEL SERVICIO EDUCATIVO A ANEF MAGALLANES<a>\u00a0<\/a><\/strong>"},"content":{"rendered":"\n<p>En el marco de la reciente aprobaci\u00f3n de la Ley Miscel\u00e1nea que retrasa en un a\u00f1o el traspaso del servicio educativo desde la administraci\u00f3n municipal al Servicio Local de Educaci\u00f3n P\u00fablica de Magallanes, el director ejecutivo Mario Garc\u00eda Mart\u00ednez, se reuni\u00f3 con la presidenta de la Asociaci\u00f3n Nacional de Empleados Fiscales (ANEF) de Magallanes, Evelyn C\u00f3rdoba Mar\u00edn.&nbsp;<\/p>\n\n\n\n<p>El objetivo de la cita fue analizar las implicancias de la aprobaci\u00f3n de esta Ley y aunar criterios en torno al desarrollo y fortalecimiento de las asociaciones gremiales que formar\u00e1n parte del SLEP y la que representar\u00e1 a los propios funcionarios del servicio.&nbsp;<\/p>\n\n\n\n<p>En ese sentido, el&nbsp;<strong>director ejecutivo del SLEP Magallanes Mario Garc\u00eda Mart\u00ednez,<\/strong>&nbsp;precis\u00f3 que en la regi\u00f3n de Magallanes ser\u00e1n poco m\u00e1s de 1.200 los docentes y 1.100 asistentes de la educaci\u00f3n que pasar\u00e1n a formar parte de la dotaci\u00f3n del nuevo Servicio Local de Educaci\u00f3n P\u00fablica, \u201cpor lo que debemos apoyar a estos trabajadores y trabajadoras que, al ser traspasados al SLEP el 1 de enero de 2024, se convertir\u00e1n en funcionarios p\u00fablicos dependientes del Estado de Chile. En ese sentido, es nuestro deber tender los puentes para que, tanto docentes como asistentes de la educaci\u00f3n, sean debidamente representados, lo que esta tarde clarificamos con la presidenta de la ANEF Magallanes\u201d, agreg\u00f3.&nbsp;<\/p>\n\n\n\n<p>Por su parte, la&nbsp;<strong>presidenta de la ANEF Magallanes, Evelyn C\u00f3rdoba<\/strong>, resalt\u00f3 la oportunidad de conocer el funcionamiento del SLEP y la normativa que lo regula, relevando el compromiso del director ejecutivo por clarificar los detalles del traspaso.&nbsp;&nbsp;<\/p>\n\n\n\n<p>\u201cLa preocupaci\u00f3n de la ANEF Magallanes era saber en qu\u00e9 posici\u00f3n quedar\u00e1n los funcionarios del SLEP, y principalmente los profesores y asistentes de la educaci\u00f3n una vez que sean traspasados. La idea es apoyarlos en la formaci\u00f3n de sus asociaciones de funcionarios y ojal\u00e1 a futuro sean parte de ANEF Magallanes para fortalecernos mutuamente\u201d, destac\u00f3 Evelyn C\u00f3rdoba.&nbsp;&nbsp;<\/p>\n","protected":false},"excerpt":{"rendered":"<p>En el marco de la reciente aprobaci\u00f3n de la Ley Miscel\u00e1nea que retrasa en un a\u00f1o el traspaso del servicio educativo desde la administraci\u00f3n municipal al Servicio Local de Educaci\u00f3n&#8230; <a class=\"read-more\" href=\"https:\/\/www.radiopresidenteibanez.cl\/web\/servicio-local-de-educacion-explico-alcances-del-proceso-de-traspaso-del-servicio-educativo-a-anef-magallanes\/\">Leer m\u00e1s<\/a><\/p>\n","protected":false},"author":2,"featured_media":36297,"comment_status":"closed","ping_status":"closed","sticky":false,"template":"","format":"standard","meta":{"footnotes":""},"categories":[1],"tags":[],"class_list":["post-36296","post","type-post","status-publish","format-standard","has-post-thumbnail","hentry","category-cronica"],"_links":{"self":[{"href":"https:\/\/www.radiopresidenteibanez.cl\/web\/wp-json\/wp\/v2\/posts\/36296","targetHints":{"allow":["GET"]}}],"collection":[{"href":"https:\/\/www.radiopresidenteibanez.cl\/web\/wp-json\/wp\/v2\/posts"}],"about":[{"href":"https:\/\/www.radiopresidenteibanez.cl\/web\/wp-json\/wp\/v2\/types\/post"}],"author":[{"embeddable":true,"href":"https:\/\/www.radiopresidenteibanez.cl\/web\/wp-json\/wp\/v2\/users\/2"}],"replies":[{"embeddable":true,"href":"https:\/\/www.radiopresidenteibanez.cl\/web\/wp-json\/wp\/v2\/comments?post=36296"}],"version-history":[{"count":0,"href":"https:\/\/www.radiopresidenteibanez.cl\/web\/wp-json\/wp\/v2\/posts\/36296\/revisions"}],"wp:featuredmedia":[{"embeddable":true,"href":"https:\/\/www.radiopresidenteibanez.cl\/web\/wp-json\/wp\/v2\/media\/36297"}],"wp:attachment":[{"href":"https:\/\/www.radiopresidenteibanez.cl\/web\/wp-json\/wp\/v2\/media?parent=36296"}],"wp:term":[{"taxonomy":"category","embeddable":true,"href":"https:\/\/www.radiopresidenteibanez.cl\/web\/wp-json\/wp\/v2\/categories?post=36296"},{"taxonomy":"post_tag","embeddable":true,"href":"https:\/\/www.radiopresidenteibanez.cl\/web\/wp-json\/wp\/v2\/tags?post=36296"}],"curies":[{"name":"wp","href":"https:\/\/api.w.org\/{rel}","templated":true}]}}