{"id":3628,"date":"2019-04-23T23:49:53","date_gmt":"2019-04-23T23:49:53","guid":{"rendered":"http:\/\/www.radiopresidenteibanez.cl\/web\/?p=3628"},"modified":"2019-04-23T23:50:32","modified_gmt":"2019-04-23T23:50:32","slug":"mesa-mujer-y-mineria-busca-romper-estereotipos-de-genero-educando-desde-la-primera-infancia","status":"publish","type":"post","link":"https:\/\/www.radiopresidenteibanez.cl\/web\/mesa-mujer-y-mineria-busca-romper-estereotipos-de-genero-educando-desde-la-primera-infancia\/","title":{"rendered":"MESA MUJER Y MINER\u00cdA BUSCA ROMPER ESTEREOTIPOS DE G\u00c9NERO EDUCANDO DESDE LA PRIMERA INFANCIA"},"content":{"rendered":"\n<p>Con sendas actividades en los jardines Los\nPioneros y Akar de Fundaci\u00f3n Integra, este lunes 22 y martes 23 de abril la\nSerem\u00eda de la Mujer y la Equidad de G\u00e9nero, SernamEG Magallanes, Methanex, y\nGeoPark, llevaron a cabo una iniciativa de la mesa Mujer y Miner\u00eda, la cual se\nha propuesto para este a\u00f1o trabajar en romper los estereotipos de g\u00e9nero \u2013ideas\npreconcebidas que determinan la vida de las ni\u00f1as y ni\u00f1os en funci\u00f3n de su\nsexo-, de manera de mostrarles a los p\u00e1rvulos de la regi\u00f3n que otra realidad es\nposible y que pueden ser lo que quieran ser.<\/p>\n\n\n\n<p>As\u00ed lo se\u00f1al\u00f3 la Encargada Regional del Programa\nBuenas Pr\u00e1cticas Laborales con Equidad de G\u00e9nero de SernamEG Magallanes, Mar\u00eda\nJos\u00e9 Madrid Caba\u00f1as, servicio que participa en la instancia como Asesor\nT\u00e9cnico. \u201cDesde peque\u00f1as las ni\u00f1as son incentivadas a desarrollar ciertas\nhabilidades y caracter\u00edsticas para cumplir con lo que es considerado el ser\nni\u00f1a y luego ser mujer. As\u00ed mismo sucede con los ni\u00f1os, quienes tienen mayores\nprobabilidades de recibir juguetes cient\u00edficos y ser estimulados a hacer m\u00e1s\nuso del espacio y la palabra a trav\u00e9s de juegos f\u00edsicos y deportivos\u201d, explica\nla profesional, a\u00f1adiendo: \u201cA la larga, todo esto determina sus preferencias al\nmomento de escoger una carrera para estudiar, lo que produce la divisi\u00f3n sexual\ndel trabajo, siendo los trabajos masculinizados los m\u00e1s valorados en el\nespacios productivo y por ende mejor remunerados\u201d, detall\u00f3. <\/p>\n\n\n\n<p>La actividad const\u00f3 de tres sesiones\nmetodol\u00f3gicas junto a educadoras y agentes educativas con\nel objetivo\nde orientar el porqu\u00e9 es importante trabajar sobre derribar estereotipos de\ng\u00e9nero para el pleno desarrollo de las ni\u00f1as y ni\u00f1os, y dar a conocer la\nmetodolog\u00eda de trabajo. De esta forma se espera instalar en el jard\u00edn los\nconocimientos necesarios para replicar esta actividad en el resto de los\nniveles. \u201cLo m\u00e1s importante y relevante hoy en d\u00eda es que estos tipos de\naprendizajes se den en la primera infancia, con una mirada integral y no\nsexista, tanto desde la educaci\u00f3n como desde el interior de las familias. Es\nuna conversaci\u00f3n que tambi\u00e9n se debe dar en las casas, y en los tipos de\njuguetes que reciben ni\u00f1os y ni\u00f1as\u201d, expres\u00f3 la Directora Regional de Integra,\nLaura Campos Mu\u00f1oz.<\/p>\n\n\n\n<p>Methanex fue una de las empresas participantes,\nquienes se dirigieron al jard\u00edn infantil Akar, establecimiento en donde ante un\np\u00fablico de edades entre 3 y 4 a\u00f1os, tres profesionales encabezados por la\nCoordinadora Mar\u00eda Luisa Lev\u00edn Jercic, dieron a conocer el rol de trabajadoras\ny trabajadores en faena, c\u00f3mo se extrae el mineral, y los usos de los\nhidrocarburos, adem\u00e1s de darles la posibilidad de manipular los implementos de\nseguridad y trajes utilizados en terreno. La empresa finaliz\u00f3 su intervenci\u00f3n\ncon la donaci\u00f3n de juguetes no sexistas relacionados al \u00e1mbito minero.<\/p>\n\n\n\n<p>Misma metodolog\u00eda utiliz\u00f3 GeoPark, quienes\nparticiparon con tres profesionales en la jornada efectuada en el Jard\u00edn Los\nPioneros: \u201cNos sentimos muy contentos de participar en este tipo de actividades\ny poder mostrarles a nuestros vecinos m\u00e1s peque\u00f1os que tanto hombres y mujeres\ntienen las mismas condiciones para desempe\u00f1ar trabajos en la industria de\nhidrocarburos. En GeoPark la diversidad est\u00e1 en nuestro ADN y desde nuestros\ninicios incluimos este concepto en nuestra definici\u00f3n de cultura y como parte\nde nuestros valores\u201d, se\u00f1al\u00f3 Mar\u00eda Eugen\u00edn Zderich, Coordinadora de Relaciones\ncon la Comunidad de GeoPark.<\/p>\n\n\n\n<p><strong>Mesa\nMujer y Miner\u00eda<\/strong><\/p>\n\n\n\n<p>\u201cLa participaci\u00f3n de las mujeres en miner\u00eda, alcanza\napenas el 7.9% a nivel nacional, y esto es mayormente debido a la divisi\u00f3n\nsexual del trabajo y a las brechas y barreras que enfrentan las mujeres en los\nespacios masculinizados\u201d, explic\u00f3 la Seremi de la Mujer y la Equidad de G\u00e9nero,\nPatricia Mackenney Schmauk. Ejemplos como: la brecha salarial, no contar con\nlos espacios estructurales para desempe\u00f1arse y cumplir roles o turnos, no\ncontar con elementos de seguridad adecuados a sus caracter\u00edsticas f\u00edsicas, no\ncontar con pol\u00edticas claras y eficientes con respecto a la prevenci\u00f3n y sanci\u00f3n\ndel acoso sexual y laboral, entre otros.<\/p>\n\n\n\n<p>Atentas a esta problem\u00e1tica es que se conforma la mesa Mujer y Miner\u00eda, instancia que re\u00fane a representantes del sector p\u00fablico y privado, encabezada por la Serem\u00eda de la Mujer y la Equidad de G\u00e9nero y su contraparte de Miner\u00eda, con la cual se espera \u201cfortalecer y preparar el escenario para la llegada e incorporaci\u00f3n de la mujer a contextos laborales tradicionalmente ocupados por hombres\u201d, puntualiz\u00f3 Mackenney.<\/p>\n\n\n\n<figure class=\"wp-block-image\"><img loading=\"lazy\" decoding=\"async\" width=\"900\" height=\"599\" src=\"https:\/\/www.radiopresidenteibanez.cl\/web\/wp-content\/uploads\/2019\/04\/Integra-2.jpeg\" alt=\"\" class=\"wp-image-3629\" srcset=\"https:\/\/www.radiopresidenteibanez.cl\/web\/wp-content\/uploads\/2019\/04\/Integra-2.jpeg 900w, https:\/\/www.radiopresidenteibanez.cl\/web\/wp-content\/uploads\/2019\/04\/Integra-2-300x200.jpeg 300w, https:\/\/www.radiopresidenteibanez.cl\/web\/wp-content\/uploads\/2019\/04\/Integra-2-768x511.jpeg 768w\" sizes=\"auto, (max-width: 900px) 100vw, 900px\" \/><\/figure>\n","protected":false},"excerpt":{"rendered":"<p>Con sendas actividades en los jardines Los Pioneros y Akar de Fundaci\u00f3n Integra, este lunes 22 y martes 23 de abril la Serem\u00eda de la Mujer y la Equidad de&#8230; <a class=\"read-more\" href=\"https:\/\/www.radiopresidenteibanez.cl\/web\/mesa-mujer-y-mineria-busca-romper-estereotipos-de-genero-educando-desde-la-primera-infancia\/\">Leer m\u00e1s<\/a><\/p>\n","protected":false},"author":2,"featured_media":3629,"comment_status":"closed","ping_status":"closed","sticky":false,"template":"","format":"standard","meta":{"footnotes":""},"categories":[1],"tags":[],"class_list":["post-3628","post","type-post","status-publish","format-standard","has-post-thumbnail","hentry","category-cronica"],"_links":{"self":[{"href":"https:\/\/www.radiopresidenteibanez.cl\/web\/wp-json\/wp\/v2\/posts\/3628","targetHints":{"allow":["GET"]}}],"collection":[{"href":"https:\/\/www.radiopresidenteibanez.cl\/web\/wp-json\/wp\/v2\/posts"}],"about":[{"href":"https:\/\/www.radiopresidenteibanez.cl\/web\/wp-json\/wp\/v2\/types\/post"}],"author":[{"embeddable":true,"href":"https:\/\/www.radiopresidenteibanez.cl\/web\/wp-json\/wp\/v2\/users\/2"}],"replies":[{"embeddable":true,"href":"https:\/\/www.radiopresidenteibanez.cl\/web\/wp-json\/wp\/v2\/comments?post=3628"}],"version-history":[{"count":0,"href":"https:\/\/www.radiopresidenteibanez.cl\/web\/wp-json\/wp\/v2\/posts\/3628\/revisions"}],"wp:featuredmedia":[{"embeddable":true,"href":"https:\/\/www.radiopresidenteibanez.cl\/web\/wp-json\/wp\/v2\/media\/3629"}],"wp:attachment":[{"href":"https:\/\/www.radiopresidenteibanez.cl\/web\/wp-json\/wp\/v2\/media?parent=3628"}],"wp:term":[{"taxonomy":"category","embeddable":true,"href":"https:\/\/www.radiopresidenteibanez.cl\/web\/wp-json\/wp\/v2\/categories?post=3628"},{"taxonomy":"post_tag","embeddable":true,"href":"https:\/\/www.radiopresidenteibanez.cl\/web\/wp-json\/wp\/v2\/tags?post=3628"}],"curies":[{"name":"wp","href":"https:\/\/api.w.org\/{rel}","templated":true}]}}