{"id":36243,"date":"2023-01-05T11:27:00","date_gmt":"2023-01-05T14:27:00","guid":{"rendered":"https:\/\/www.radiopresidenteibanez.cl\/web\/?p=36243"},"modified":"2023-01-05T10:40:26","modified_gmt":"2023-01-05T13:40:26","slug":"se-inauguro-y-presento-la-exposicion-el-despojo-el-museo-municipal-de-porvenir","status":"publish","type":"post","link":"https:\/\/www.radiopresidenteibanez.cl\/web\/se-inauguro-y-presento-la-exposicion-el-despojo-el-museo-municipal-de-porvenir\/","title":{"rendered":"Se inaugur\u00f3 y present\u00f3 la exposici\u00f3n, \u00abEl Despojo\u00bb, el museo municipal de Porvenir"},"content":{"rendered":"\n<p>Los Rostros de la Memoria Selknam, de Constanza Hern\u00e1ndez,fue inaugurada \u00e9ste mi\u00e9rcoles 4 de enero a las 19:00 hrs. en dependencias del museo municipal de Porvenir y estar\u00e1 a disposici\u00f3n de los visitantes hasta el mes de marzo .<\/p>\n\n\n\n<p>La muestra principal de esta exposici\u00f3n es la serie de El despojo, donde desde referencias fotogr\u00e1ficas de pueblos originarios se busca dar una interpretaci\u00f3n de sus diversas emocionalidades mediante la t\u00e9cnica de la acuarela con el objetivo de a trav\u00e9s del arte, dar voz a aquellos rostros oprimidos y olvidados en la historia, generando un punto de encuentro entre nuestras ra\u00edces ancestrales y la realidad sociopol\u00edtica y cultural actual de los pueblos originarios.<br>Con esta muestra se busca transmitir a trav\u00e9s de estructuras faciales, expresiones, sensaciones y sentimientos de rostros que han sido por siglos los protagonistas de resistencia junto a la reivindicaci\u00f3n de sus identidades, en un intento de recuperar aquella memoria usurpada .<br>La invitaci\u00f3n va dirigida a observar y reconocer y cuestionar nuestra historia, recordando as\u00ed aquella profundidad de la ra\u00edz, por lo cual incluso en el arte se nos ha alejado aquellos rostros. La colonizaci\u00f3n acompa\u00f1ada del despojo de nuestra ancestralidad.<\/p>\n","protected":false},"excerpt":{"rendered":"<p>Los Rostros de la Memoria Selknam, de Constanza Hern\u00e1ndez,fue inaugurada \u00e9ste mi\u00e9rcoles 4 de enero a las 19:00 hrs. en dependencias del museo municipal de Porvenir y estar\u00e1 a disposici\u00f3n&#8230; <a class=\"read-more\" href=\"https:\/\/www.radiopresidenteibanez.cl\/web\/se-inauguro-y-presento-la-exposicion-el-despojo-el-museo-municipal-de-porvenir\/\">Leer m\u00e1s<\/a><\/p>\n","protected":false},"author":2,"featured_media":36244,"comment_status":"closed","ping_status":"closed","sticky":false,"template":"","format":"standard","meta":{"footnotes":""},"categories":[1],"tags":[],"class_list":["post-36243","post","type-post","status-publish","format-standard","has-post-thumbnail","hentry","category-cronica"],"_links":{"self":[{"href":"https:\/\/www.radiopresidenteibanez.cl\/web\/wp-json\/wp\/v2\/posts\/36243","targetHints":{"allow":["GET"]}}],"collection":[{"href":"https:\/\/www.radiopresidenteibanez.cl\/web\/wp-json\/wp\/v2\/posts"}],"about":[{"href":"https:\/\/www.radiopresidenteibanez.cl\/web\/wp-json\/wp\/v2\/types\/post"}],"author":[{"embeddable":true,"href":"https:\/\/www.radiopresidenteibanez.cl\/web\/wp-json\/wp\/v2\/users\/2"}],"replies":[{"embeddable":true,"href":"https:\/\/www.radiopresidenteibanez.cl\/web\/wp-json\/wp\/v2\/comments?post=36243"}],"version-history":[{"count":0,"href":"https:\/\/www.radiopresidenteibanez.cl\/web\/wp-json\/wp\/v2\/posts\/36243\/revisions"}],"wp:featuredmedia":[{"embeddable":true,"href":"https:\/\/www.radiopresidenteibanez.cl\/web\/wp-json\/wp\/v2\/media\/36244"}],"wp:attachment":[{"href":"https:\/\/www.radiopresidenteibanez.cl\/web\/wp-json\/wp\/v2\/media?parent=36243"}],"wp:term":[{"taxonomy":"category","embeddable":true,"href":"https:\/\/www.radiopresidenteibanez.cl\/web\/wp-json\/wp\/v2\/categories?post=36243"},{"taxonomy":"post_tag","embeddable":true,"href":"https:\/\/www.radiopresidenteibanez.cl\/web\/wp-json\/wp\/v2\/tags?post=36243"}],"curies":[{"name":"wp","href":"https:\/\/api.w.org\/{rel}","templated":true}]}}