{"id":36239,"date":"2023-01-05T10:32:00","date_gmt":"2023-01-05T13:32:00","guid":{"rendered":"https:\/\/www.radiopresidenteibanez.cl\/web\/?p=36239"},"modified":"2023-01-05T08:53:47","modified_gmt":"2023-01-05T11:53:47","slug":"sin-apuros-y-con-proyeccion-experta-da-recomendaciones-para-elegir-la-carrera-correcta","status":"publish","type":"post","link":"https:\/\/www.radiopresidenteibanez.cl\/web\/sin-apuros-y-con-proyeccion-experta-da-recomendaciones-para-elegir-la-carrera-correcta\/","title":{"rendered":"Sin apuros y con proyecci\u00f3n: Experta da recomendaciones para elegir la carrera correcta"},"content":{"rendered":"\n<p>El pasado martes 3 de enero se entregaron los resultados de la Prueba de Acceso a la<br>Educaci\u00f3n Superior (PAES) y si bien muchas y muchos j\u00f3venes ya tienen claro cu\u00e1l ser\u00e1<br>el camino a seguir, bastantes todav\u00eda tienen dudas sobre qu\u00e9 carrera elegir. Muchos de<br>estos casos formar\u00e1n parte del grupo que desertar\u00e1 durante el primer a\u00f1o de la educaci\u00f3n<br>superior, cifra que el \u00faltimo a\u00f1o lleg\u00f3 a un 28.8%, de acuerdo a cifras de la Subsecretar\u00eda<br>de Educaci\u00f3n Superior.<br>Mariela Hern\u00e1ndez, acad\u00e9mica y directora de Psicolog\u00eda de la Universidad Santo Tom\u00e1s,<br>sede La Serena, nos entrega las siguientes recomendaciones:<br>\u00bfQu\u00e9 elementos hay que considerar al seleccionar una carrera?<br>Hern\u00e1ndez nos dice que hay muchas cosas que pueden sonar obvias, pero que no se<br>deben dejar de lado: \u201cMuy relevante es informarse lo m\u00e1s detalladamente posible<br>respecto a las carreras, es decir, las competencias que forman, las \u00e1reas del conocimiento<br>o l\u00edneas curriculares de los planes de estudio, con qu\u00e9 metodolog\u00edas se desarrolla el<br>proceso de ense\u00f1anza-aprendizaje, el campo laboral y otros\u201d.<br>Junto a lo anterior, se\u00f1ala que dentro de esta investigaci\u00f3n es ideal poder contar con<br>conversaciones con personas que ejerzan esa profesi\u00f3n, para as\u00ed \u201cacortar la brecha entre<br>las expectativas y el ejercicio profesional\u201d. La campa\u00f1a Habla Conmigo de Santo Tom\u00e1s va<br>en esa l\u00ednea, incluso implementando un sitio web especial para contactar a egresados y<br>egresadas de diferentes carreras.<br>\u201cTambi\u00e9n es importante analizar las proyecciones de la carrera o profesi\u00f3n en el<br>mediano y largo plazo, es decir, \u00bfcu\u00e1les son los temas o \u00e1reas emergentes en<br>determinada profesi\u00f3n? Por ejemplo, la gerontolog\u00eda, la sustentabilidad y la innovaci\u00f3n y<br>desarrollo no eran temas de alta relevancia hace 20 o 30 a\u00f1os, pero hoy s\u00ed lo son\u201d, a\u00f1ade la<br>psic\u00f3loga.<br>\u00bfHay que seguir la vocaci\u00f3n?<br>La vocaci\u00f3n es uno de los elementos clave al elegir un \u00e1rea del conocimiento para<br>desarrollar una carrera. Este elemento sirve como motivaci\u00f3n tanto para ingresar como<br>para mantenerse dentro de la carrera, pero no es lo \u00fanico que debe pesar en la elecci\u00f3n.<br>\u201cEs importante que sea analizada junto a otros factores, tales como las habilidades y las<br>caracter\u00edsticas de la carrera de inter\u00e9s. Tambi\u00e9n se sugiere considerar m\u00e1s de una<br>opci\u00f3n o, para quienes tengan intereses diversos, programas de bachillerato que<br>primero entreguen una formaci\u00f3n general en varios \u00e1mbitos para despu\u00e9s tener la<br>posibilidad de elegir una carrera espec\u00edfica\u201d, se\u00f1ala Hern\u00e1ndez.<\/p>\n\n\n\n<p>\u00bfQu\u00e9 riesgos existen al entrar a una carrera o universidad no deseada?<br>El ingreso a la educaci\u00f3n superior no tiene solo un componente educacional, sino que<br>tambi\u00e9n social. Seg\u00fan Hern\u00e1ndez ambos son igualmente importantes, por lo que \u201csi una<br>persona toma la decisi\u00f3n de ingresar a una carrera o universidad no deseada debiese<br>visualizar oportunidades para desarrollar estos procesos de integraci\u00f3n y,<br>consecuentemente, generar aprendizajes\u201d.<br>De todas formas, si la persona no se siente completamente c\u00f3moda con su elecci\u00f3n la<br>recomendaci\u00f3n es no dar el paso: \u201cEn t\u00e9rminos emocionales, podr\u00eda generar frustraci\u00f3n,<br>falta de motivaci\u00f3n o una sensaci\u00f3n de inseguridad o incapacidad en algunas personas,<br>mientras que para otras podr\u00eda constituir un desaf\u00edo y una oportunidad diferente de<br>aprendizaje\u201d.<br>\u201cHay personas que toman la decisi\u00f3n de ingresar a una segunda preferencia para tener la<br>vivencia de educaci\u00f3n superior, entendiendo que puede ser un semestre o periodo de<br>experiencia transitorio o, inclusive, definitivo, seg\u00fan sea la situaci\u00f3n en particular\u201d, agreg\u00f3.<br>\u00bfQu\u00e9 hacer si no quedo en la carrera o universidad que quiero?<br>El no poder ingresar al plan o instituci\u00f3n deseada puede ser un golpe fuerte. Si este es el<br>caso, la profesional recomienda tomar un tiempo y \u201crealizar un an\u00e1lisis de las<br>razones que generaron esta situaci\u00f3n\u201d.<br>Dentro de estas podemos encontrar dos tipos. Las primeras son las que se pueden<br>modificar como, por ejemplo, la estrategia de preparaci\u00f3n que se tom\u00f3 para enfrentar la<br>PAES, el proceso de postulaci\u00f3n o revisar nuevamente la oferta de carreras y<br>establecimientos.<br>La segunda tiene relaci\u00f3n con aquellas que no se pueden modificar, como el NEM o los<br>puntajes de corte. \u201cUna vez se aclaren las causas, se debe profundizar en cada una<br>identificando opciones de cambio que pueda implementar la persona, es decir, maneras<br>distintas de realizar estos procesos incorporando los aprendizajes de una primera<br>postulaci\u00f3n\u201d, dice Hern\u00e1ndez.<br>Luego agrega que \u201clo importante es determinar cambios concretos que la persona<br>realmente est\u00e9 dispuesta y que efectivamente pueda realizar\u201d. Para esto se debe crear un<br>\u201cplan de acci\u00f3n\u201d para el a\u00f1o siguiente, el que contenga actividades, plazos y<br>recursos para poder conseguir la meta.<\/p>\n","protected":false},"excerpt":{"rendered":"<p>El pasado martes 3 de enero se entregaron los resultados de la Prueba de Acceso a laEducaci\u00f3n Superior (PAES) y si bien muchas y muchos j\u00f3venes ya tienen claro cu\u00e1l&#8230; <a class=\"read-more\" href=\"https:\/\/www.radiopresidenteibanez.cl\/web\/sin-apuros-y-con-proyeccion-experta-da-recomendaciones-para-elegir-la-carrera-correcta\/\">Leer m\u00e1s<\/a><\/p>\n","protected":false},"author":2,"featured_media":36240,"comment_status":"closed","ping_status":"closed","sticky":false,"template":"","format":"standard","meta":{"footnotes":""},"categories":[1],"tags":[],"class_list":["post-36239","post","type-post","status-publish","format-standard","has-post-thumbnail","hentry","category-cronica"],"_links":{"self":[{"href":"https:\/\/www.radiopresidenteibanez.cl\/web\/wp-json\/wp\/v2\/posts\/36239","targetHints":{"allow":["GET"]}}],"collection":[{"href":"https:\/\/www.radiopresidenteibanez.cl\/web\/wp-json\/wp\/v2\/posts"}],"about":[{"href":"https:\/\/www.radiopresidenteibanez.cl\/web\/wp-json\/wp\/v2\/types\/post"}],"author":[{"embeddable":true,"href":"https:\/\/www.radiopresidenteibanez.cl\/web\/wp-json\/wp\/v2\/users\/2"}],"replies":[{"embeddable":true,"href":"https:\/\/www.radiopresidenteibanez.cl\/web\/wp-json\/wp\/v2\/comments?post=36239"}],"version-history":[{"count":0,"href":"https:\/\/www.radiopresidenteibanez.cl\/web\/wp-json\/wp\/v2\/posts\/36239\/revisions"}],"wp:featuredmedia":[{"embeddable":true,"href":"https:\/\/www.radiopresidenteibanez.cl\/web\/wp-json\/wp\/v2\/media\/36240"}],"wp:attachment":[{"href":"https:\/\/www.radiopresidenteibanez.cl\/web\/wp-json\/wp\/v2\/media?parent=36239"}],"wp:term":[{"taxonomy":"category","embeddable":true,"href":"https:\/\/www.radiopresidenteibanez.cl\/web\/wp-json\/wp\/v2\/categories?post=36239"},{"taxonomy":"post_tag","embeddable":true,"href":"https:\/\/www.radiopresidenteibanez.cl\/web\/wp-json\/wp\/v2\/tags?post=36239"}],"curies":[{"name":"wp","href":"https:\/\/api.w.org\/{rel}","templated":true}]}}