{"id":36233,"date":"2023-01-05T08:29:22","date_gmt":"2023-01-05T11:29:22","guid":{"rendered":"https:\/\/www.radiopresidenteibanez.cl\/web\/?p=36233"},"modified":"2023-01-05T08:29:32","modified_gmt":"2023-01-05T11:29:32","slug":"gabinete-regional-femenino-compartiocon-mujeres-privadas-de-libertad","status":"publish","type":"post","link":"https:\/\/www.radiopresidenteibanez.cl\/web\/gabinete-regional-femenino-compartiocon-mujeres-privadas-de-libertad\/","title":{"rendered":"GABINETE REGIONAL FEMENINO COMPARTI\u00d3<br>CON MUJERES PRIVADAS DE LIBERTAD"},"content":{"rendered":"\n<p>el Gabinete Regional femenino se congreg\u00f3 en el Complejo Penitenciario de Punta<br>Arenas, encabezado por la Delegada Presidencial Regional (DPR) de Magallanes, para brindar un<br>saludo a las mujeres privadas de libertad, con quienes compartieron un postergado desayuno<br>navide\u00f1o, en una actividad que permiti\u00f3 a las autoridades conocer la situaci\u00f3n de la Secci\u00f3n<br>Femenina, privilegiando una mirada de g\u00e9nero.<br>Acompa\u00f1aron a la DPR Luz Berm\u00fadez, las Seremis de Justicia y DD.HH., Michelle Peutat; de la<br>Mujer y la Equidad de G\u00e9nero, Alejandra Ruiz; de Salud, Francisca Sanfuentes; Trabajo y Previsi\u00f3n<br>Social, Doris Sandoval; Energ\u00eda, Mar\u00eda Luisa Ojeda; Medio Ambiente, Daniela Droguett; y Ciencias,<br>Ver\u00f3nica Vallejos; junto a la Jefa Regional de la Subdere, Daniela Panicucci; la Defensora Regional,<br>Gustava Aguilar; la Directora Regional (S) de Gendarmer\u00eda, teniente coronel Mar\u00eda Paulina Lueiza;<br>y el Alcaide del C.P., mayor Luis Suazo.<br>En un simb\u00f3lico gesto, las autoridades hicieron entrega de un obsequio (un kit de higiene) a cada<br>una de las 23 internas, y se mostraron motivadas de interactuar con ellas a trav\u00e9s de esta<br>instancia, que fue agradecida por la poblaci\u00f3n penal. Durante la jornada pudieron tambi\u00e9n<br>recorrer distintas dependencias y espacios de reinserci\u00f3n como el Centro de Educaci\u00f3n y Trabajo<br>(CET Cerrado) y el m\u00f3dulo C de intervenci\u00f3n, aun cuando estos no cuentan por el momento<br>disponibles con cupos femeninos.<br>La Seremi Michelle Peutat valor\u00f3 la adhesi\u00f3n y apoyo de todo el Gabinete Regional para hacer<br>posible esta actividad de camarader\u00eda con las mujeres privadas de libertad, que tiene un especial<br>significado para aquellas que no reciben visitas producto de su condici\u00f3n migrante, y que debido a<br>la situaci\u00f3n de vulnerabilidad que atraviesan constituyen una prioridad de trabajo para el actual<br>gobierno. \u201cAunque a nivel regional hemos mencionado varios logros, desde el sector Justicia<br>tenemos mucho que avanzar en materia de reinserci\u00f3n, sobre todo corrigiendo las brechas de<br>g\u00e9nero que existen al interior de las unidades penales\u201d.<br>A su vez, la Delegada Presidencial Regional de Magallanes, Luz Berm\u00fadez Sandoval destac\u00f3 la<br>experiencia de concurrir con las mujeres del Gabinete Regional para poder generar este espacio de<br>compartir y escuchar a las internas. Remarc\u00f3 su compromiso como gobierno feminista de<br>transversalizar la mirada de g\u00e9nero: \u201clas necesidades que tienen las mujeres ac\u00e1 en el recinto son<br>distintas a las que tienen los hombres, ha sido una visita muy enriquecedora. Nos vamos con harto<\/p>\n\n\n\n<p>trabajo con las seremis que participaron, con una tarea de poder consolidar y ponernos ah\u00ed las<br>l\u00edneas de trabajo, las metas, los tiempos para poder tambi\u00e9n tener respuestas\u201d.<br>Finalmente, la Directora Regional (S) de Gendarmer\u00eda, se mostr\u00f3 muy contenta con esta actividad<br>que organiz\u00f3 Justicia y que aglutin\u00f3 a las seremis mujeres, destacando que \u201cest\u00e1n preocupadas del<br>bienestar de nuestras reclusas, y que adem\u00e1s entregan un poco de cari\u00f1o y amor en esta actividad<br>que estaba enmarcada en fin de a\u00f1o, Navidad, y que se suspendi\u00f3 por temas de agenda. Sin<br>embargo, se pudo consolidar, y la verdad estamos muy contentos de que se sigan dando estas<br>instancias, que ellas se sientan importantes y que son parte de la sociedad\u201d.<\/p>\n","protected":false},"excerpt":{"rendered":"<p>el Gabinete Regional femenino se congreg\u00f3 en el Complejo Penitenciario de PuntaArenas, encabezado por la Delegada Presidencial Regional (DPR) de Magallanes, para brindar unsaludo a las mujeres privadas de libertad,&#8230; <a class=\"read-more\" href=\"https:\/\/www.radiopresidenteibanez.cl\/web\/gabinete-regional-femenino-compartiocon-mujeres-privadas-de-libertad\/\">Leer m\u00e1s<\/a><\/p>\n","protected":false},"author":2,"featured_media":36234,"comment_status":"closed","ping_status":"closed","sticky":false,"template":"","format":"standard","meta":{"footnotes":""},"categories":[1],"tags":[],"class_list":["post-36233","post","type-post","status-publish","format-standard","has-post-thumbnail","hentry","category-cronica"],"_links":{"self":[{"href":"https:\/\/www.radiopresidenteibanez.cl\/web\/wp-json\/wp\/v2\/posts\/36233","targetHints":{"allow":["GET"]}}],"collection":[{"href":"https:\/\/www.radiopresidenteibanez.cl\/web\/wp-json\/wp\/v2\/posts"}],"about":[{"href":"https:\/\/www.radiopresidenteibanez.cl\/web\/wp-json\/wp\/v2\/types\/post"}],"author":[{"embeddable":true,"href":"https:\/\/www.radiopresidenteibanez.cl\/web\/wp-json\/wp\/v2\/users\/2"}],"replies":[{"embeddable":true,"href":"https:\/\/www.radiopresidenteibanez.cl\/web\/wp-json\/wp\/v2\/comments?post=36233"}],"version-history":[{"count":0,"href":"https:\/\/www.radiopresidenteibanez.cl\/web\/wp-json\/wp\/v2\/posts\/36233\/revisions"}],"wp:featuredmedia":[{"embeddable":true,"href":"https:\/\/www.radiopresidenteibanez.cl\/web\/wp-json\/wp\/v2\/media\/36234"}],"wp:attachment":[{"href":"https:\/\/www.radiopresidenteibanez.cl\/web\/wp-json\/wp\/v2\/media?parent=36233"}],"wp:term":[{"taxonomy":"category","embeddable":true,"href":"https:\/\/www.radiopresidenteibanez.cl\/web\/wp-json\/wp\/v2\/categories?post=36233"},{"taxonomy":"post_tag","embeddable":true,"href":"https:\/\/www.radiopresidenteibanez.cl\/web\/wp-json\/wp\/v2\/tags?post=36233"}],"curies":[{"name":"wp","href":"https:\/\/api.w.org\/{rel}","templated":true}]}}