{"id":36209,"date":"2023-01-04T11:14:00","date_gmt":"2023-01-04T14:14:00","guid":{"rendered":"https:\/\/www.radiopresidenteibanez.cl\/web\/?p=36209"},"modified":"2023-01-04T10:46:17","modified_gmt":"2023-01-04T13:46:17","slug":"gremios-del-turismo-exigen-seguridad-y-terminar-con-la-barbarie-nocturna-en-el-centro-de-punta-arenas","status":"publish","type":"post","link":"https:\/\/www.radiopresidenteibanez.cl\/web\/gremios-del-turismo-exigen-seguridad-y-terminar-con-la-barbarie-nocturna-en-el-centro-de-punta-arenas\/","title":{"rendered":"Gremios del turismo exigen seguridad y terminar con la barbarie nocturna en el centro de Punta Arenas"},"content":{"rendered":"\n<p>Profunda conmoci\u00f3n provoc\u00f3 en los gremios del turismo magall\u00e1nico la tr\u00e1gica muerte<br>del turista espa\u00f1ol Jos\u00e9 L\u00f3pez Santiago (69 a\u00f1os), el pasado 31 de diciembre en pleno<br>centro de Punta Arenas, tras ser atropellado por un joven acusado por la fiscal\u00eda de<br>conducir en estado de ebriedad y bajo los efectos de las drogas.<br>\u201cEs terrible lo que pas\u00f3. Entregamos nuestras condolencias a la familia y esta inseguridad,<br>falta de fiscalizaci\u00f3n y leyes blandas deben terminar\u201d, expres\u00f3 Paola Milosevic, presidente<br>de Austro Chile.<br>La representante de los gremios tur\u00edsticos lament\u00f3 la falta de resultado de todas las<br>gestiones realizadas durante los \u00faltimos a\u00f1os ante las autoridades para poner fin a las<br>carreras clandestinas de autom\u00f3viles, los ruidos y la inseguridad que reina en el centro de<br>la ciudad. \u201cEsto debe terminar y entregar seguridad a todos los ciudadanos y turistas.<br>Necesitamos como ciudad y regi\u00f3n dar condiciones de seguridad. Pero como la ley es<br>blanda, no se sanciona y se ha perdido todo respeto por el ser humano\u201d, demand\u00f3 Paola<br>Milosevic, quien agreg\u00f3 que la muerte del turista espa\u00f1ol no puede quedar impune.<br>El CLAMOR DE LOS HOTELEROS<br>Jos\u00e9 L\u00f3pez se estaba hospedando junto a su familia en el Hotel Jos\u00e9 Nogueira. Marie<br>Louise Roux, gerente del establecimiento, coment\u00f3 que \u201cpedimos justicia para consuelo<br>de esta familia y de esos pobres ni\u00f1os que vieron morir de tan tr\u00e1gica manera a su<br>abuelo\u201d.<br>Agreg\u00f3 que un hecho tan lamentable como el ocurrido provoca un gran da\u00f1o a la<br>actividad tur\u00edstica local. \u201cSomos un destino que ha vendido, adem\u00e1s de la belleza de<br>nuestros paisajes, experiencias inolvidables que involucran nuestras costumbres, la calidez<br>de nuestra gente y la seguridad. \u00bfD\u00f3nde queda eso ahora\u201d, se pregunt\u00f3 a la vez que<br>ratific\u00f3 que las carreras y los ruidos de los autos han sido un reclamo de a\u00f1os de los<br>hu\u00e9spedes del hotel, molestia que se ha traspasado a las autoridades en reuniones con el<br>alcalde y \u201crecientemente con el secretario de seguridad; llamadas constantes a<\/p>\n\n\n\n<p>Carabineros desde nuestra recepci\u00f3n, y la respuesta fue que no ten\u00edan la m\u00e1quina que<br>mide ruidos; ahora la tienen; pero ahora no hay suficiente personal para perseguirlos\u201d.<br>Emilia Manganiello, gerente del Hotel Cabo de Hornos, tambi\u00e9n lament\u00f3 la muerte del<br>turista espa\u00f1ol, hecho que, a juicio, pudo evitarse si en las calles de la ciudad existiera un<br>m\u00ednimo de control. Coment\u00f3 que hace a\u00f1os vienen insistiendo ante las autoridades<br>locales la necesidad de controlar las calles durante la noche, debido a que los autos<br>tunning hacen invivible el centro hist\u00f3rico, pasando por encima los derechos de todos los<br>otros ciudadanos que quieren descansar; y, sumado a lo anterior, los hechos de violencia<br>que todo este descontrol ha tra\u00eddo en la ciudad.<br>\u201cIncansablemente durante a\u00f1os hemos reclamado a las autoridades y siempre hemos<br>tenido la misma respuesta. Cuando ocurre un hecho importante o que trasciende en los<br>medios, por unos d\u00edas se controla la situaci\u00f3n parcialmente. Cuando pasan los d\u00edas o \u0301se<br>enfr\u00eda \u0301 el reclamo de la sociedad, volvemos a la barbarie de la calle. Lamentamos este<br>hecho que ha cobrado la vida de este se\u00f1or, pero sinceramente creemos que todos<br>sab\u00edamos que iba a ocurrir en alg\u00fan momento. Creemos que es muy importante que<br>quienes tienen a cargo el orden p\u00fablico se hagan cargo de esta situaci\u00f3n de una vez por<br>todas\u201d, asever\u00f3.<br>Finalmente exigi\u00f3 que las autoridades den una respuesta y soluci\u00f3n definitiva a este<br>problema que aqueja a la ciudad hace a\u00f1os. \u201cEsta vez le toca sufrir a una familia que vino<br>a visitarnos. Ma\u00f1ana puede ser un familiar nuestro. La gran pregunta es: \u00bfvamos a seguir<br>esperando que algo m\u00e1s pase?<\/p>\n","protected":false},"excerpt":{"rendered":"<p>Profunda conmoci\u00f3n provoc\u00f3 en los gremios del turismo magall\u00e1nico la tr\u00e1gica muertedel turista espa\u00f1ol Jos\u00e9 L\u00f3pez Santiago (69 a\u00f1os), el pasado 31 de diciembre en plenocentro de Punta Arenas, tras&#8230; <a class=\"read-more\" href=\"https:\/\/www.radiopresidenteibanez.cl\/web\/gremios-del-turismo-exigen-seguridad-y-terminar-con-la-barbarie-nocturna-en-el-centro-de-punta-arenas\/\">Leer m\u00e1s<\/a><\/p>\n","protected":false},"author":2,"featured_media":36210,"comment_status":"closed","ping_status":"closed","sticky":false,"template":"","format":"standard","meta":{"footnotes":""},"categories":[1],"tags":[],"class_list":["post-36209","post","type-post","status-publish","format-standard","has-post-thumbnail","hentry","category-cronica"],"_links":{"self":[{"href":"https:\/\/www.radiopresidenteibanez.cl\/web\/wp-json\/wp\/v2\/posts\/36209","targetHints":{"allow":["GET"]}}],"collection":[{"href":"https:\/\/www.radiopresidenteibanez.cl\/web\/wp-json\/wp\/v2\/posts"}],"about":[{"href":"https:\/\/www.radiopresidenteibanez.cl\/web\/wp-json\/wp\/v2\/types\/post"}],"author":[{"embeddable":true,"href":"https:\/\/www.radiopresidenteibanez.cl\/web\/wp-json\/wp\/v2\/users\/2"}],"replies":[{"embeddable":true,"href":"https:\/\/www.radiopresidenteibanez.cl\/web\/wp-json\/wp\/v2\/comments?post=36209"}],"version-history":[{"count":0,"href":"https:\/\/www.radiopresidenteibanez.cl\/web\/wp-json\/wp\/v2\/posts\/36209\/revisions"}],"wp:featuredmedia":[{"embeddable":true,"href":"https:\/\/www.radiopresidenteibanez.cl\/web\/wp-json\/wp\/v2\/media\/36210"}],"wp:attachment":[{"href":"https:\/\/www.radiopresidenteibanez.cl\/web\/wp-json\/wp\/v2\/media?parent=36209"}],"wp:term":[{"taxonomy":"category","embeddable":true,"href":"https:\/\/www.radiopresidenteibanez.cl\/web\/wp-json\/wp\/v2\/categories?post=36209"},{"taxonomy":"post_tag","embeddable":true,"href":"https:\/\/www.radiopresidenteibanez.cl\/web\/wp-json\/wp\/v2\/tags?post=36209"}],"curies":[{"name":"wp","href":"https:\/\/api.w.org\/{rel}","templated":true}]}}