{"id":36176,"date":"2023-01-03T13:43:00","date_gmt":"2023-01-03T16:43:00","guid":{"rendered":"https:\/\/www.radiopresidenteibanez.cl\/web\/?p=36176"},"modified":"2023-01-03T10:59:27","modified_gmt":"2023-01-03T13:59:27","slug":"20-mujeres-de-punta-arenas-concluyen-con-exito-curso-de-conduccionvehicular-clase-a3","status":"publish","type":"post","link":"https:\/\/www.radiopresidenteibanez.cl\/web\/20-mujeres-de-punta-arenas-concluyen-con-exito-curso-de-conduccionvehicular-clase-a3\/","title":{"rendered":"20 MUJERES DE PUNTA ARENAS CONCLUYEN CON \u00c9XITO CURSO DE CONDUCCI\u00d3N<br>VEHICULAR CLASE A3"},"content":{"rendered":"\n<p>Con emoci\u00f3n y agradecimiento, veinte mujeres<br>de Punta Arenas participaron este viernes en la ceremonia de cierre del curso de conducci\u00f3n<br>vehicular Clase A3, que las habilitar\u00e1 para poder desempe\u00f1arse en el transporte de pasajeros.<br>La capacitaci\u00f3n fue impulsada por ENAP Magallanes, en coordinaci\u00f3n con las secretar\u00edas<br>regionales ministeriales del Trabajo y de Transporte, teniendo como desaf\u00edo promover la<br>empleabilidad, reducir la escasez de conductores en el transporte mayor y, lo m\u00e1s importante, dar<br>oportunidades laborales a las mujeres en rubro no tradicionales. \u201cPodemos decir que entre los<br>a\u00f1os 2020 y 2022, hemos realizado aproximadamente 100 capacitaciones, beneficiando a m\u00e1s de<br>1.700 personas de la regi\u00f3n, el 80% de ellas mujeres. Solo este a\u00f1o 2022, cerraremos con la<br>ejecuci\u00f3n de 25 cursos, lo que se traduce en m\u00e1s de 500 personas que recibieron capacitaci\u00f3n,<br>67% de las cuales son mujeres; y estamos muy felices por ello, porque esto nos dicen que vamos<br>por el camino correcto, porque con este curso seguimos abriendo puertas al mundo laboral a las<br>mujeres, en oficios destinados hist\u00f3ricamente para hombres\u201d, expres\u00f3 Pablo Mart\u00ednez, gerente<br>general de ENAP Magallanes.<br>La actividad de cierre cont\u00f3 con la presencia del seremi de transporte y telecomunicaciones,<br>Rodrigo Hern\u00e1ndez; el seremi de Gobierno, Andro Mimica; la seremi de la mujer y equidad de<br>g\u00e9nero, Alejandra Ruiz; y la directora regional del Sence y seremi del trabajo(s), Doris Maqui\u00e1n.<br>\u201cHay una mirada pol\u00edtica distinta, estamos todos trabajando para que la mujer tenga la<br>predominancia justa y necesaria en nuestra sociedad, en todo \u00e1mbito. En el transporte, que ha<br>sido predominantemente masculino, m\u00e1s importante a\u00fan. Se les est\u00e1 entregando una movilidad<br>socio econ\u00f3mica muy din\u00e1mica. En 45 d\u00edas de curso, ellas adquieren una licencia profesional que<br>les da acceso a un salario e independencia, con una serie de garant\u00edas que de otra forma no se<br>tienen. Esto es lo que hay que fortalecer\u201d, se\u00f1al\u00f3 el seremi de Transporte, quien felicit\u00f3 a las<br>alumnas por terminar \u00edntegramente la capacitaci\u00f3n.<br>EMPLEABILIDAD Y PR\u00d3XIMOS DESAF\u00cdOS<br>Las alumnas agradecieron la oportunidad brindada, teniendo varias expectativas para mejorar su<br>desempe\u00f1o laboral. \u201cSuper feliz de haber terminado este curso. Se nos complic\u00f3 harto por ser<br>mam\u00e1s, due\u00f1as de casa y trabajamos, pero contentas por la oportunidad que nos dieron. Del total,<\/p>\n\n\n\n<p>somos nueve mujeres que estamos interesadas en entrar al rubro del transporte p\u00fablico mayor,<br>eso es que esperamos para el pr\u00f3ximo a\u00f1o\u201d, expres\u00f3 Ruth Moreira.<br>La empresa Ascendal, que presta el servicio de transporte p\u00fablico mayor, ratific\u00f3 el inter\u00e9s de la<br>compa\u00f1\u00eda por contratar a un grupo de las mujeres capacitadas. \u201cSon solo buenas noticias, por<br>varias razones. La primera porque dota a mujeres de herramientas para desempe\u00f1arse en la vida;<br>segundo porque se gener\u00f3 un trabajo mancomunado entre distintas instituciones y empresas; y,<br>tercero, porque se cierra una brecha importante de d\u00e9ficit de conductores profesionales. Ellas<br>vienen a contribuir una mejor organizaci\u00f3n, porque est\u00e1 comprobado que las empresas que tienen<br>mejor desempe\u00f1o son las que tienen un mayor equilibrio entre hombres y mujeres\u201d, expres\u00f3<br>Francisco Gatica, gerente de contratos de Ascendal.<br>De acuerdo con lo informado por ENAP, el pr\u00f3ximo desaf\u00edo es llevar esta misma capacitaci\u00f3n a<br>otras comunas de Magallanes, abriendo as\u00ed nuevas oportunidades laborales para las mujeres de la<br>regi\u00f3n. Invitamos a todos los organismos involucrados en este curso a pensar c\u00f3mo hacemos este<br>anhelo\u201d, se\u00f1al\u00f3 Pablo Mart\u00ednez.<\/p>\n","protected":false},"excerpt":{"rendered":"<p>Con emoci\u00f3n y agradecimiento, veinte mujeresde Punta Arenas participaron este viernes en la ceremonia de cierre del curso de conducci\u00f3nvehicular Clase A3, que las habilitar\u00e1 para poder desempe\u00f1arse en el&#8230; <a class=\"read-more\" href=\"https:\/\/www.radiopresidenteibanez.cl\/web\/20-mujeres-de-punta-arenas-concluyen-con-exito-curso-de-conduccionvehicular-clase-a3\/\">Leer m\u00e1s<\/a><\/p>\n","protected":false},"author":2,"featured_media":36177,"comment_status":"closed","ping_status":"closed","sticky":false,"template":"","format":"standard","meta":{"footnotes":""},"categories":[1],"tags":[],"class_list":["post-36176","post","type-post","status-publish","format-standard","has-post-thumbnail","hentry","category-cronica"],"_links":{"self":[{"href":"https:\/\/www.radiopresidenteibanez.cl\/web\/wp-json\/wp\/v2\/posts\/36176","targetHints":{"allow":["GET"]}}],"collection":[{"href":"https:\/\/www.radiopresidenteibanez.cl\/web\/wp-json\/wp\/v2\/posts"}],"about":[{"href":"https:\/\/www.radiopresidenteibanez.cl\/web\/wp-json\/wp\/v2\/types\/post"}],"author":[{"embeddable":true,"href":"https:\/\/www.radiopresidenteibanez.cl\/web\/wp-json\/wp\/v2\/users\/2"}],"replies":[{"embeddable":true,"href":"https:\/\/www.radiopresidenteibanez.cl\/web\/wp-json\/wp\/v2\/comments?post=36176"}],"version-history":[{"count":0,"href":"https:\/\/www.radiopresidenteibanez.cl\/web\/wp-json\/wp\/v2\/posts\/36176\/revisions"}],"wp:featuredmedia":[{"embeddable":true,"href":"https:\/\/www.radiopresidenteibanez.cl\/web\/wp-json\/wp\/v2\/media\/36177"}],"wp:attachment":[{"href":"https:\/\/www.radiopresidenteibanez.cl\/web\/wp-json\/wp\/v2\/media?parent=36176"}],"wp:term":[{"taxonomy":"category","embeddable":true,"href":"https:\/\/www.radiopresidenteibanez.cl\/web\/wp-json\/wp\/v2\/categories?post=36176"},{"taxonomy":"post_tag","embeddable":true,"href":"https:\/\/www.radiopresidenteibanez.cl\/web\/wp-json\/wp\/v2\/tags?post=36176"}],"curies":[{"name":"wp","href":"https:\/\/api.w.org\/{rel}","templated":true}]}}