{"id":36139,"date":"2023-01-02T19:32:08","date_gmt":"2023-01-02T22:32:08","guid":{"rendered":"https:\/\/www.radiopresidenteibanez.cl\/web\/?p=36139"},"modified":"2023-01-02T19:32:25","modified_gmt":"2023-01-02T22:32:25","slug":"incendio-en-la-poblacion-juan-pablo-segundo","status":"publish","type":"post","link":"https:\/\/www.radiopresidenteibanez.cl\/web\/incendio-en-la-poblacion-juan-pablo-segundo\/","title":{"rendered":"INCENDIO EN LA POBLACION JUAN PABLO SEGUNDO"},"content":{"rendered":"\n<p>Incendio destruy\u00f3 por completo casa interior de Gaspar Marin 0960.<br>Un lamentable siniestro se origin\u00f3 en una casa interior y se propag\u00f3 a un galp\u00f3n el fuerte viento hacia dificil la visibilidad del lugar siniestrado gracias al esfuerzo de los voluntario lograron salvar la otra vivienda de grandes dimensiones.<br>Cuatro compa\u00f1\u00edas de Bomberos trabajaron para combatir el incendio.<br><br><\/p>\n\n\n\n<figure class=\"wp-block-image size-large\"><img loading=\"lazy\" decoding=\"async\" width=\"1024\" height=\"595\" src=\"https:\/\/www.radiopresidenteibanez.cl\/web\/wp-content\/uploads\/2023\/01\/Screenshot_20230102_172616_Facebook-1024x595.jpg\" alt=\"\" class=\"wp-image-36147\" srcset=\"https:\/\/www.radiopresidenteibanez.cl\/web\/wp-content\/uploads\/2023\/01\/Screenshot_20230102_172616_Facebook-1024x595.jpg 1024w, https:\/\/www.radiopresidenteibanez.cl\/web\/wp-content\/uploads\/2023\/01\/Screenshot_20230102_172616_Facebook-300x174.jpg 300w, https:\/\/www.radiopresidenteibanez.cl\/web\/wp-content\/uploads\/2023\/01\/Screenshot_20230102_172616_Facebook-768x446.jpg 768w, https:\/\/www.radiopresidenteibanez.cl\/web\/wp-content\/uploads\/2023\/01\/Screenshot_20230102_172616_Facebook-1536x892.jpg 1536w, https:\/\/www.radiopresidenteibanez.cl\/web\/wp-content\/uploads\/2023\/01\/Screenshot_20230102_172616_Facebook.jpg 1860w\" sizes=\"auto, (max-width: 1024px) 100vw, 1024px\" \/><\/figure>\n","protected":false},"excerpt":{"rendered":"<p>Incendio destruy\u00f3 por completo casa interior de Gaspar Marin 0960.Un lamentable siniestro se origin\u00f3 en una casa interior y se propag\u00f3 a un galp\u00f3n el fuerte viento hacia dificil la&#8230; <a class=\"read-more\" href=\"https:\/\/www.radiopresidenteibanez.cl\/web\/incendio-en-la-poblacion-juan-pablo-segundo\/\">Leer m\u00e1s<\/a><\/p>\n","protected":false},"author":2,"featured_media":36146,"comment_status":"closed","ping_status":"closed","sticky":false,"template":"","format":"standard","meta":{"footnotes":""},"categories":[1],"tags":[],"class_list":["post-36139","post","type-post","status-publish","format-standard","has-post-thumbnail","hentry","category-cronica"],"_links":{"self":[{"href":"https:\/\/www.radiopresidenteibanez.cl\/web\/wp-json\/wp\/v2\/posts\/36139","targetHints":{"allow":["GET"]}}],"collection":[{"href":"https:\/\/www.radiopresidenteibanez.cl\/web\/wp-json\/wp\/v2\/posts"}],"about":[{"href":"https:\/\/www.radiopresidenteibanez.cl\/web\/wp-json\/wp\/v2\/types\/post"}],"author":[{"embeddable":true,"href":"https:\/\/www.radiopresidenteibanez.cl\/web\/wp-json\/wp\/v2\/users\/2"}],"replies":[{"embeddable":true,"href":"https:\/\/www.radiopresidenteibanez.cl\/web\/wp-json\/wp\/v2\/comments?post=36139"}],"version-history":[{"count":0,"href":"https:\/\/www.radiopresidenteibanez.cl\/web\/wp-json\/wp\/v2\/posts\/36139\/revisions"}],"wp:featuredmedia":[{"embeddable":true,"href":"https:\/\/www.radiopresidenteibanez.cl\/web\/wp-json\/wp\/v2\/media\/36146"}],"wp:attachment":[{"href":"https:\/\/www.radiopresidenteibanez.cl\/web\/wp-json\/wp\/v2\/media?parent=36139"}],"wp:term":[{"taxonomy":"category","embeddable":true,"href":"https:\/\/www.radiopresidenteibanez.cl\/web\/wp-json\/wp\/v2\/categories?post=36139"},{"taxonomy":"post_tag","embeddable":true,"href":"https:\/\/www.radiopresidenteibanez.cl\/web\/wp-json\/wp\/v2\/tags?post=36139"}],"curies":[{"name":"wp","href":"https:\/\/api.w.org\/{rel}","templated":true}]}}