{"id":3613,"date":"2019-04-23T23:25:40","date_gmt":"2019-04-23T23:25:40","guid":{"rendered":"http:\/\/www.radiopresidenteibanez.cl\/web\/?p=3613"},"modified":"2019-04-23T23:26:20","modified_gmt":"2019-04-23T23:26:20","slug":"seremi-de-salud-realiza-lanzamiento-de-guia-de-recomendaciones-para-la-prevencion-de-la-conducta-suicida-en-establecimientos-educacionales","status":"publish","type":"post","link":"https:\/\/www.radiopresidenteibanez.cl\/web\/seremi-de-salud-realiza-lanzamiento-de-guia-de-recomendaciones-para-la-prevencion-de-la-conducta-suicida-en-establecimientos-educacionales\/","title":{"rendered":"SEREMI DE SALUD REALIZA LANZAMIENTO DE GU\u00cdA DE RECOMENDACIONES PARA LA PREVENCI\u00d3N DE LA CONDUCTA SUICIDA EN ESTABLECIMIENTOS EDUCACIONALES"},"content":{"rendered":"\n<p>Con la\npresencia de directivos, docentes y duplas psicosociales de m\u00e1s de 60\nestablecimientos educacionales se realiz\u00f3, en las dependencias de la Secretar\u00eda\nRegional Ministerial de Salud de Magallanes, la presentaci\u00f3n de la Gu\u00eda de\nRecomendaciones para la Prevenci\u00f3n de la Conducta Suicida en este tipo de\nestablecimientos.<\/p>\n\n\n\n<p>La\nreferente del Departamento de Salud Mental del Ministerio de Salud, Bel\u00e9n Vargas,\nexplic\u00f3 que el Programa Nacional de Prevenci\u00f3n del Suicidio incluye dentro de\nsus componentes el desarrollo de acciones preventivas en establecimientos\neducacionales, ya que a nivel nacional e internacional se ha reconocido este\nespacio como el lugar ideal donde prevenir de manera temprana las conductas\nsuicidas en ni\u00f1os, ni\u00f1as y adolescentes.<\/p>\n\n\n\n<p>En\nese contexto, este a\u00f1o se realiz\u00f3 el lanzamiento de esta Gu\u00eda de\nrecomendaciones, la que \u201cse viene trabajando desde el a\u00f1o 2015 con una serie de\nexpertos, con el mundo de la educaci\u00f3n y con el Minsal, para poder entregar\nherramientas pr\u00e1cticas a las escuelas, colegios y liceos para que ellos mismos\npuedan dise\u00f1ar estrategias que prevengan situaciones de riesgo en sus\nestudiante. Aqu\u00ed no es s\u00f3lo importante abordar los casos de suicidio cuando\nocurren, los cuales son muy lamentables, sino tambi\u00e9n queremos prevenir desde\nantes de su ocurrencia, por eso hablamos de conducta suicida que implica\nideaci\u00f3n, de hacer intentos que es muy frecuente en la adolescencia, por lo\ntanto, es entregar herramientas sumamente pr\u00e1cticas para detectar estas\nconductas, pero antes de eso evitar, que los ni\u00f1os y adolescente lleguen a esta\nconducta\u201d.<\/p>\n\n\n\n<p>La\nJornada consider\u00f3 exposiciones, trabajos en grupos y la entrega simb\u00f3lica del\ndocumento por parte del SEREMI de Salud (S) Sergio Ruiz, y la referente del\nMinsal, Bel\u00e9n Vargas, a la SEREMI de Educaci\u00f3n, Beatriz S\u00e1nchez.<\/p>\n\n\n\n<p>La\nSEREMI Sanchez destac\u00f3 la entrega de esta Gu\u00eda, la cual constituye un gran\naporte desde Salud al sector que representa para prevenir conductas suicidas en\nlos alumnos. \u201cEste trabajo en com\u00fan que vamos a tener, insisto, es un gran\naporte para abordar este tema que nos preocupa como Educaci\u00f3n y como Gobierno\u201d,\npuntualiz\u00f3.<\/p>\n\n\n\n<p>El\nSEREMI de Salud (S), Sergio Ruiz, manifest\u00f3 que los establecimientos\neducacionales son lugares de permanente encuentro de los alumnos, donde los\nni\u00f1os y j\u00f3venes socializan, por lo tanto, es un espacio id\u00f3neo para abordar\nesta tem\u00e1tica, ya que el suicidio es la segunda causa de muerte de los j\u00f3venes\nde 10 a 19 a\u00f1os de edad, y es en los establecimientos escolares donde podemos\nentregar medidas de prevenci\u00f3n y elementos protectores. <\/p>\n\n\n\n<p>Ante\nsituaciones de riesgo, Bel\u00e9n Vargas menciona que el protocolo establece los pasos\na seguir y tambi\u00e9n se ha considerado formar al interior de establecimientos\nfiguras claves que permitan hacer la conexi\u00f3n entre la detecci\u00f3n de las\nprimeras conductas, el primer abordaje. Hay que colocar atenci\u00f3n a las se\u00f1ales\nde alerta y atenderlas r\u00e1pidamente. De esta forma el establecimiento recibe\nherramientas para que pueda hacer un primer abordaje y luego realicen la\nderivaci\u00f3n a los equipos de salud, lo cual es trabajar coordinadamente y en\nforma expedita.<\/p>\n\n\n\n<p>Respecto\na las se\u00f1ales a las cuales los padres deben estar atentos, Bel\u00e9n Vargas detall\u00f3\nque \u201chay distintas alertas, no todas son indicadoras suicidas, pero que si no\nson abordadas, tambi\u00e9n pueden significar riesgo. Estamos hablando de cambios\nconductuales muy abruptos, por ejemplo: j\u00f3venes que eran amistosos y sal\u00edan con\nsus amigos, pero de pronto se quedan m\u00e1s en casa y se muestran m\u00e1s retra\u00eddos,\nya no se preocupen tanto por su apariencia, pueden haber cambios en el sue\u00f1o o\nen la ingesta de alimentos, comer mucho o muy poco, entre otros\u201d. Hay se\u00f1ales\nm\u00e1s directas o banderas rojas como escribir, posteos, rituales de despedida.&nbsp; <\/p>\n\n\n\n<p><strong>Estad\u00edsticas<\/strong><\/p>\n\n\n\n<p>De acuerdo al Sistema de Vigilancia de Intentos de\nSuicidio de la regi\u00f3n, durante el a\u00f1o 2018, se notificaron un total de 238\nintentos de suicidios en la Regi\u00f3n de Magallanes y Ant\u00e1rtica Chilena. El\npromedio mensual fue de 20,58 notificaciones. En t\u00e9rminos generales, la\nfrecuencia de intentos notificados el 2018 es menor a lo notificado en 2017,\na\u00f1o en que se registraron 247.<\/p>\n\n\n\n<p>Del total de notificaciones, el 68% corresponde a sexo femenino, y el promedio de edad es de 30 a\u00f1os. El 29% de las notificaciones corresponden a personas con edades entre 20 a 29 a\u00f1os, seguido del grupo de 15 a 19 a\u00f1os con 24%. \u00a0<\/p>\n\n\n\n<figure class=\"wp-block-image\"><img loading=\"lazy\" decoding=\"async\" width=\"1024\" height=\"683\" src=\"https:\/\/www.radiopresidenteibanez.cl\/web\/wp-content\/uploads\/2019\/04\/IMG_6977-Copy-1024x683.jpg\" alt=\"\" class=\"wp-image-3614\" srcset=\"https:\/\/www.radiopresidenteibanez.cl\/web\/wp-content\/uploads\/2019\/04\/IMG_6977-Copy-1024x683.jpg 1024w, https:\/\/www.radiopresidenteibanez.cl\/web\/wp-content\/uploads\/2019\/04\/IMG_6977-Copy-300x200.jpg 300w, https:\/\/www.radiopresidenteibanez.cl\/web\/wp-content\/uploads\/2019\/04\/IMG_6977-Copy-768x512.jpg 768w, https:\/\/www.radiopresidenteibanez.cl\/web\/wp-content\/uploads\/2019\/04\/IMG_6977-Copy.jpg 1152w\" sizes=\"auto, (max-width: 1024px) 100vw, 1024px\" \/><\/figure>\n","protected":false},"excerpt":{"rendered":"<p>Con la presencia de directivos, docentes y duplas psicosociales de m\u00e1s de 60 establecimientos educacionales se realiz\u00f3, en las dependencias de la Secretar\u00eda Regional Ministerial de Salud de Magallanes, la&#8230; <a class=\"read-more\" href=\"https:\/\/www.radiopresidenteibanez.cl\/web\/seremi-de-salud-realiza-lanzamiento-de-guia-de-recomendaciones-para-la-prevencion-de-la-conducta-suicida-en-establecimientos-educacionales\/\">Leer m\u00e1s<\/a><\/p>\n","protected":false},"author":2,"featured_media":3614,"comment_status":"closed","ping_status":"closed","sticky":false,"template":"","format":"standard","meta":{"footnotes":""},"categories":[1],"tags":[],"class_list":["post-3613","post","type-post","status-publish","format-standard","has-post-thumbnail","hentry","category-cronica"],"_links":{"self":[{"href":"https:\/\/www.radiopresidenteibanez.cl\/web\/wp-json\/wp\/v2\/posts\/3613","targetHints":{"allow":["GET"]}}],"collection":[{"href":"https:\/\/www.radiopresidenteibanez.cl\/web\/wp-json\/wp\/v2\/posts"}],"about":[{"href":"https:\/\/www.radiopresidenteibanez.cl\/web\/wp-json\/wp\/v2\/types\/post"}],"author":[{"embeddable":true,"href":"https:\/\/www.radiopresidenteibanez.cl\/web\/wp-json\/wp\/v2\/users\/2"}],"replies":[{"embeddable":true,"href":"https:\/\/www.radiopresidenteibanez.cl\/web\/wp-json\/wp\/v2\/comments?post=3613"}],"version-history":[{"count":0,"href":"https:\/\/www.radiopresidenteibanez.cl\/web\/wp-json\/wp\/v2\/posts\/3613\/revisions"}],"wp:featuredmedia":[{"embeddable":true,"href":"https:\/\/www.radiopresidenteibanez.cl\/web\/wp-json\/wp\/v2\/media\/3614"}],"wp:attachment":[{"href":"https:\/\/www.radiopresidenteibanez.cl\/web\/wp-json\/wp\/v2\/media?parent=3613"}],"wp:term":[{"taxonomy":"category","embeddable":true,"href":"https:\/\/www.radiopresidenteibanez.cl\/web\/wp-json\/wp\/v2\/categories?post=3613"},{"taxonomy":"post_tag","embeddable":true,"href":"https:\/\/www.radiopresidenteibanez.cl\/web\/wp-json\/wp\/v2\/tags?post=3613"}],"curies":[{"name":"wp","href":"https:\/\/api.w.org\/{rel}","templated":true}]}}