{"id":36127,"date":"2022-12-30T17:37:00","date_gmt":"2022-12-30T20:37:00","guid":{"rendered":"https:\/\/www.radiopresidenteibanez.cl\/web\/?p=36127"},"modified":"2022-12-30T11:55:49","modified_gmt":"2022-12-30T14:55:49","slug":"senador-kusanovic-en-los-top-ten-en-envio-de-proyectos-de-ley-y-primer-lugar-en-la-cantidad-de-comisiones-que-integra","status":"publish","type":"post","link":"https:\/\/www.radiopresidenteibanez.cl\/web\/senador-kusanovic-en-los-top-ten-en-envio-de-proyectos-de-ley-y-primer-lugar-en-la-cantidad-de-comisiones-que-integra\/","title":{"rendered":"Senador Kusanovic en los \u201cTop Ten\u201d en env\u00edo de proyectos de ley y primer lugar en la cantidad de comisiones que integra"},"content":{"rendered":"\n<p>El parlamentario de la regi\u00f3n de Magallanes, quien asumi\u00f3 el cargo el 11 de marzo de 2022, ha firmado 24 iniciativas legales que est\u00e1n en distintos tr\u00e1mites legislativos en el Congreso Nacional.<\/p>\n\n\n\n<pre class=\"wp-block-code\"><code>A un mes de cerrar el a\u00f1o legislativo 2022 en la C\u00e1mara Alta, el senador por Magallanes, Alejandro Kusanovic est\u00e1 dentro de los 10 parlamentarios que ha enviado, ya sea como autor o coautor, diversas iniciativas legales que son tramitadas en el Congreso Nacional.<\/code><\/pre>\n\n\n\n<p>Desde el 11 de marzo, el parlamentario ha firmado 24 iniciativas legales. Adem\u00e1s, en relaci\u00f3n a parlamentarios nuevos, Kusanovic ocupa el segundo lugar, el primero es el ex diputado y hoy senador Sebasti\u00e1n Keitel, que m\u00e1s ha participado en m\u00e1s iniciativas legales.<br>El senador por Magallanes ha enviado iniciativas legales como la Reforma Constitucional que establece ratificaci\u00f3n del cargo de Fiscal Nacional; la iniciativa legal que modifica el C\u00f3digo Penal, para establecer como circunstancia agravante el cometer un delito en los lugares donde concurren habitualmente ni\u00f1os y sus familias; y el proyecto de ley para disponer de \u00e1reas de descanso y asientos suficientes en espacios de acceso a p\u00fablico, entre otros temas relevantes.<br>Asimismo, Kusanovic ha enviado una serie de oficios entre ellos, para reestablecer el servicio de transporte terrestre entre Punta Arenas- Osorno y viceversa, el aumento de fiscales y funcionarios para la regi\u00f3n de Magallanes, y el que solicita habilitar la conexi\u00f3n maritima internacional entre Puerto de Navarino y Ushuaia, entre otros.<br>As\u00ed mismo cabe destacar los proyectos de acuerdos presentados, entre los cuales figura otorgar soluci\u00f3n a los imponentes del 4% de la Ex EMPART de Magallanes, gracias al cual el Gobierno, a trav\u00e9s del Ministro de Hacienda, se comprometi\u00f3 a entregar una soluci\u00f3n y dar respuesta a esta hist\u00f3rica demanda.<br>Finalmente, el senador por Magallanes lidera la integraci\u00f3n de comisiones permantes y especiales en el Senado, participando activamente en cinco comisiones como son las de Adulto Mayor, Vivienda y Urbanismo, de Transporte y Telecomunicaciones, Pesca e Intereses Mar\u00edtimos y preside la Comisi\u00f3n de Zonas Extremas.<\/p>\n","protected":false},"excerpt":{"rendered":"<p>El parlamentario de la regi\u00f3n de Magallanes, quien asumi\u00f3 el cargo el 11 de marzo de 2022, ha firmado 24 iniciativas legales que est\u00e1n en distintos tr\u00e1mites legislativos en el&#8230; <a class=\"read-more\" href=\"https:\/\/www.radiopresidenteibanez.cl\/web\/senador-kusanovic-en-los-top-ten-en-envio-de-proyectos-de-ley-y-primer-lugar-en-la-cantidad-de-comisiones-que-integra\/\">Leer m\u00e1s<\/a><\/p>\n","protected":false},"author":2,"featured_media":36128,"comment_status":"closed","ping_status":"closed","sticky":false,"template":"","format":"standard","meta":{"footnotes":""},"categories":[1],"tags":[],"class_list":["post-36127","post","type-post","status-publish","format-standard","has-post-thumbnail","hentry","category-cronica"],"_links":{"self":[{"href":"https:\/\/www.radiopresidenteibanez.cl\/web\/wp-json\/wp\/v2\/posts\/36127","targetHints":{"allow":["GET"]}}],"collection":[{"href":"https:\/\/www.radiopresidenteibanez.cl\/web\/wp-json\/wp\/v2\/posts"}],"about":[{"href":"https:\/\/www.radiopresidenteibanez.cl\/web\/wp-json\/wp\/v2\/types\/post"}],"author":[{"embeddable":true,"href":"https:\/\/www.radiopresidenteibanez.cl\/web\/wp-json\/wp\/v2\/users\/2"}],"replies":[{"embeddable":true,"href":"https:\/\/www.radiopresidenteibanez.cl\/web\/wp-json\/wp\/v2\/comments?post=36127"}],"version-history":[{"count":0,"href":"https:\/\/www.radiopresidenteibanez.cl\/web\/wp-json\/wp\/v2\/posts\/36127\/revisions"}],"wp:featuredmedia":[{"embeddable":true,"href":"https:\/\/www.radiopresidenteibanez.cl\/web\/wp-json\/wp\/v2\/media\/36128"}],"wp:attachment":[{"href":"https:\/\/www.radiopresidenteibanez.cl\/web\/wp-json\/wp\/v2\/media?parent=36127"}],"wp:term":[{"taxonomy":"category","embeddable":true,"href":"https:\/\/www.radiopresidenteibanez.cl\/web\/wp-json\/wp\/v2\/categories?post=36127"},{"taxonomy":"post_tag","embeddable":true,"href":"https:\/\/www.radiopresidenteibanez.cl\/web\/wp-json\/wp\/v2\/tags?post=36127"}],"curies":[{"name":"wp","href":"https:\/\/api.w.org\/{rel}","templated":true}]}}